{"id":26082,"date":"2025-11-09T15:58:47","date_gmt":"2025-11-09T15:58:47","guid":{"rendered":"https:\/\/ciaoup.it\/?p=26082"},"modified":"2025-11-09T15:58:47","modified_gmt":"2025-11-09T15:58:47","slug":"vannacci-riscrive-le-leggi-razziali-bufera-social-endorsement-di-caio-mussolini","status":"publish","type":"post","link":"https:\/\/ciaoup.it\/?p=26082","title":{"rendered":"Vannacci &#8216;riscrive&#8217; le leggi razziali: bufera social, endorsement di Caio Mussolini"},"content":{"rendered":"<p> (Adnkronos) &#8211; Sulla pagina Facebook, Roberto Vannacci, l&#8217;ex generale dei par\u00e0, oggi numero due della Lega di Matteo Salvini, ha deciso di riaprire il dibattito sul Ventennio, postando la sua lezione di storia del fascismo. Per Vannacci \u00e8 giunto il momento di dare &#8220;ripetizioni per chi la storia l&#8217;ha studiata nei manuali del partito democratico&#8221;, come si legge nel titolo del lungo post pubblicato dall&#8217;eurodeputato della Lega. Una riflessione che non passa inosservata -visto il boom di commenti che si moltiplicano- sotto le copertine di tre dei volumi che lo storico Renzo De Felice scrisse sul Fascismo (&#8216;Mussolini il rivoluzionario&#8217; e poi i due &#8216;Mussolini il fascista&#8217; sono quelli selezionati da Vannacci). Innanzi tutto -viene ricordato dal generale nella sua lectio- &#8220;il 15 maggio 1921, Benito Mussolini viene eletto in Parlamento con i Fasci italiani di combattimento. Fu il terzo deputato pi\u00f9 votato d\u2019Italia&#8221;. Ecco il valore dei voti e dei numeri, per riportare tutto alla realt\u00e0. \u00a0<\/p>\n<p>Inoltre la marcia su Roma dell&#8217;ottobre del &#8217;22 &#8220;non fu un colpo di stato ma &#8216;poco pi\u00f9 di una manifestazione di piazza&#8217;&#8221;, scrive Vannacci citando un altro storico, Francesco Perfetti. Mussolini pot\u00e8 arrivare a Roma &#8220;comodamente in treno&#8221; e fu il Re a dargli il potere. Vannacci rammenta che l&#8217;esecutivo Mussolini era all&#8217;inizio una coalizione di pi\u00f9 forze: quello nato &#8220;il 17 novembre 1922&#8221; guidato da Mussolini, fu un governo &#8220;composto non solo da fascisti, ma anche da liberali, popolari e nazionalisti&#8221; e ottenne &#8220;la fiducia della Camera dei Deputati con 306 voti favorevoli, 116 contrari e 7 astenuti&#8221;. &#8220;Il fascismo -allunga lo sguardo l&#8217;ex capo della Folgore- almeno fino alla met\u00e0 degli anni Trenta, esercit\u00f2 il potere attraverso gli strumenti previsti dallo Statuto Albertino, cio\u00e8 all\u2019interno dell\u2019ordinamento giuridico del Regno d\u2019Italia&#8221;. \u00a0<\/p>\n<p>Non solo: &#8220;Tutte le principali leggi -dalla riforma elettorale del 1923 alle norme sul partito unico, fino alle stesse leggi del 1938- furono approvate dal Parlamento e promulgate dal Re, secondo le procedure previste dalla legge&#8221;, conclude l&#8217;ex capo dei par\u00e0, citando anche l&#8217;anno delle leggi razziali. Quanto basta per scatenare il dibattito sulla sua pagina, seguita da circa mezzo milione di utenti. Alcuni apprezzano la lezione di storia, una sorta di Bignami da social del generale. Qualcuno trae spunto per puntare l&#8217;indice: &#8220;Sei peggio di Salvini&#8230;&#8221;, &#8220;mi sento male a sapere che ti paghiamo lo stipendio&#8230;&#8221;, &#8220;Paracul&#8230;&#8221;. La maggior parte delle centinaia di post sono durissimi, attaccando frontalmente il generale. Uno posta pure foto di piazzale Loreto, altri accusano Vannacci di revisionismo (&#8220;oscenit\u00e0 storiche&#8221;). &#8220;Pure le leggi razziali&#8230;. vergogna&#8221;, si legge ancora. Molti ricordano invece Matteotti, non citato da Vannacci. I post di chi dissente sono preponderanti, rinfacciando al generale chi i crimini della dittatura instaurata da Mussolini, chi la sua alleanza con Hitler, chi la guerra. \u00a0<\/p>\n<p>A dargli man forte -mentre il generale pare accerchiato- si fa notare il pronipote di Mussolini stesso, Caio Mussolini, nipote del figlio primogenito del Duce, Vittorio. &#8220;E&#8217; tutto corretto -scrive confermando la linea Vannacci- . Per quanto possa dispiacere a molti. E aggiungo che la violenza dopo la prima guerra mondiale nasce a sinistra (volevano fare &#8216;come in Russia&#8217;, con attentati, bombe, uccisioni, bastonature, &#8216;biennio rosso&#8217; e &#8216;grande paura&#8217;&#8230;) e che il fascismo fu una reazione a queste violenze&#8221;. Poi il discendente Mussolini aggiunge qualche altro apprezzamento: &#8220;La donna si \u00e8 emancipata proprio durante il fascismo&#8221;. E il Duce &#8220;ha protetto Gramsci&#8221; e Amendola &#8220;non \u00e8 morto dopo essere stato picchiato ma \u00e8 deceduto per un tumore sette mesi dopo&#8221;. \u00a0<\/p>\n<p>Scagiona il fondatore del fascismo anche sulla vicenda Matteotti, che in tanti hanno citato su Fb: &#8220;Mussolini con c&#8217;entrava nulla con la morte di Matteotti&#8221;. Era invece un leader riconosciuto anche all&#8217;estero &#8220;sino al &#8217;36 era idolatrato all&#8217;estero (vedi film Mussolini&#8217;s speaks)&#8221; e tra i fan Caio Mussolini annovera anche &#8220;la comunista&#8221; Margherita Hack che disse che &#8216;le conquiste sociali del fascismo oggi ce le sogniamo&#8230;&#8217;. Poi l&#8217;ultimo affondo -con parole simili a quelle della chiusa di Vannacci-: &#8220;Tutte le leggi a partire da quelle &#8216;fascistissime&#8217;, anche le famigerate e odiose leggi razziali, erano approvate dal Parlamento e firmate dal re&#8221;. \u00a0<\/p>\n<p>&#8212;<\/p>\n<p>politica<\/p>\n<p>webinfo@adnkronos.com (Web Info)<\/p>\n<div style=\"display:flex; gap:10px;justify-content:center\" class=\"wps-pgfw-pdf-generate-icon__wrapper-frontend\">\n\t\t<a  href=\"https:\/\/ciaoup.it?action=genpdf&amp;id=26082\" class=\"pgfw-single-pdf-download-button\" ><img src=\"https:\/\/ciaoup.it\/wp-content\/plugins\/pdf-generator-for-wp\/admin\/src\/images\/PDF_Tray.svg\" title=\"Generate PDF\" style=\"width:auto; height:45px;\"><\/a>\n\t\t<\/div>","protected":false},"excerpt":{"rendered":"<p>(Adnkronos) &#8211; Sulla pagina Facebook, Roberto Vannacci, l&#8217;ex generale dei par\u00e0, oggi numero due della&hellip;<\/p>\n","protected":false},"author":3,"featured_media":26083,"comment_status":"open","ping_status":"closed","sticky":false,"template":"","format":"standard","meta":{"footnotes":""},"categories":[12],"tags":[3],"class_list":["post-26082","post","type-post","status-publish","format-standard","has-post-thumbnail","hentry","category-comunicati","tag-ultimora"],"_links":{"self":[{"href":"https:\/\/ciaoup.it\/index.php?rest_route=\/wp\/v2\/posts\/26082","targetHints":{"allow":["GET"]}}],"collection":[{"href":"https:\/\/ciaoup.it\/index.php?rest_route=\/wp\/v2\/posts"}],"about":[{"href":"https:\/\/ciaoup.it\/index.php?rest_route=\/wp\/v2\/types\/post"}],"author":[{"embeddable":true,"href":"https:\/\/ciaoup.it\/index.php?rest_route=\/wp\/v2\/users\/3"}],"replies":[{"embeddable":true,"href":"https:\/\/ciaoup.it\/index.php?rest_route=%2Fwp%2Fv2%2Fcomments&post=26082"}],"version-history":[{"count":1,"href":"https:\/\/ciaoup.it\/index.php?rest_route=\/wp\/v2\/posts\/26082\/revisions"}],"predecessor-version":[{"id":26089,"href":"https:\/\/ciaoup.it\/index.php?rest_route=\/wp\/v2\/posts\/26082\/revisions\/26089"}],"wp:featuredmedia":[{"embeddable":true,"href":"https:\/\/ciaoup.it\/index.php?rest_route=\/wp\/v2\/media\/26083"}],"wp:attachment":[{"href":"https:\/\/ciaoup.it\/index.php?rest_route=%2Fwp%2Fv2%2Fmedia&parent=26082"}],"wp:term":[{"taxonomy":"category","embeddable":true,"href":"https:\/\/ciaoup.it\/index.php?rest_route=%2Fwp%2Fv2%2Fcategories&post=26082"},{"taxonomy":"post_tag","embeddable":true,"href":"https:\/\/ciaoup.it\/index.php?rest_route=%2Fwp%2Fv2%2Ftags&post=26082"}],"curies":[{"name":"wp","href":"https:\/\/api.w.org\/{rel}","templated":true}]}}