{"id":26061,"date":"2025-11-09T14:37:17","date_gmt":"2025-11-09T14:37:17","guid":{"rendered":"https:\/\/ciaoup.it\/?p=26061"},"modified":"2025-11-09T14:37:17","modified_gmt":"2025-11-09T14:37:17","slug":"gaza-idf-corpo-ostaggio-consegnato-a-croce-rossa","status":"publish","type":"post","link":"https:\/\/ciaoup.it\/?p=26061","title":{"rendered":"Gaza, Idf: &#8220;Corpo ostaggio consegnato a Croce rossa&#8221;"},"content":{"rendered":"<p> (Adnkronos) &#8211; La Croce rossa ha ricevuto i resti di un ostaggio oggi, domenica 9 novembre. A renderlo noto \u00e8 stato l&#8217;esercito israeliano. La consegna della salma \u00e8 avvenuta dopo che Hamas ha annunciato ieri il ritrovamento del corpo dell&#8217;ufficiale Hadar Goldin, ucciso nella guerra di Gaza del 2014. &#8220;Secondo le informazioni fornite dalla Croce rossa, il feretro di un ostaggio deceduto \u00e8 stato trasferito sotto la sua custodia ed \u00e8 in viaggio verso il punto di consegna alle truppe dell&#8217;IDF nella Striscia di Gaza&#8221;.\u00a0<\/p>\n<p>Il primo ministro israeliano Benjamin Netanyahu aveva confermato che Hamas aveva annunciato la consegna per oggi dei resti di Goldin &#8220;caduto in un&#8217;eroica battaglia durante l&#8217;operazione Protective Edge, undici anni fa&#8221;. &#8220;Il suo corpo \u00e8 stato rapito da Hamas, che si \u00e8 rifiutato di restituirlo per tutto questo periodo. Durante tutti questi anni, noi dei governi di Israele abbiamo fatto grandi sforzi per riportarlo a casa. Per tutto questo tempo, la sua famiglia ha sopportato una profonda angoscia e ora saranno in grado di seppellirlo nella terra di Israele&#8221;, ha affermato Netanyahu. Israele &#8211; ha poi assicurato &#8211; riporter\u00e0 indietro i cinque corpi degli ostaggi rimasti.\u00a0<\/p>\n<p>Hamas e l&#8217;Autorit\u00e0 palestinese hanno intanto raggiunto un accordo al Cairo in base al quale il futuro comitato temporaneo per la gestione della Striscia di Gaza sar\u00e0 guidato da un ministro dell&#8217;Autorit\u00e0 palestinese. Ad annunciarlo a Sky News Arabia \u00e8 stato Hussein al-Sheikh, vice del presidente dell&#8217;Autorit\u00e0 palestinese Mahmoud Abbas.\u00a0<\/p>\n<p>Al-Sheikh non ha invece spiegato se altre parti, Stati Uniti o Israele, abbiano accettato l&#8217;accordo. Cinque giorni fa, l&#8217;esponente di Hamas Mousa Abu Marzouk aveva anticipato ad Al Jazeera che Hamas aveva concordato con l&#8217;Autorit\u00e0 palestinese che un ministro in rappresentanza di quest&#8217;ultima avrebbe presieduto la commissione.\u00a0<\/p>\n<p>I media hanno recentemente riferito che uno dei candidati a guidare il comitato \u00e8 Majed Abu Ramadan, attualmente ministro della sanit\u00e0 dell&#8217;Autorit\u00e0 Palestinese, originario di Gaza ed ex sindaco di Gaza City.\u00a0<\/p>\n<p>Nell&#8217;intervista Al-Sheikh annuncia anche che \u00e8 stato concordato che il comitato dovr\u00e0 essere composto interamente da palestinesi (e non da stranieri), e che sono necessari ulteriori &#8220;chiarimenti&#8221; riguardo alla natura della forza internazionale di stabilizzazione che dovrebbe essere dispiegata nella Striscia, in particolare riguardo alla sua composizione.\u00a0<\/p>\n<p>\u00a0<\/p>\n<p>&#8212;<\/p>\n<p>internazionale\/esteri<\/p>\n<p>webinfo@adnkronos.com (Web Info)<\/p>\n<div style=\"display:flex; gap:10px;justify-content:center\" class=\"wps-pgfw-pdf-generate-icon__wrapper-frontend\">\n\t\t<a  href=\"https:\/\/ciaoup.it?action=genpdf&amp;id=26061\" class=\"pgfw-single-pdf-download-button\" ><img src=\"https:\/\/ciaoup.it\/wp-content\/plugins\/pdf-generator-for-wp\/admin\/src\/images\/PDF_Tray.svg\" title=\"Generate PDF\" style=\"width:auto; height:45px;\"><\/a>\n\t\t<\/div>","protected":false},"excerpt":{"rendered":"<p>(Adnkronos) &#8211; La Croce rossa ha ricevuto i resti di un ostaggio oggi, domenica 9&hellip;<\/p>\n","protected":false},"author":3,"featured_media":26062,"comment_status":"open","ping_status":"closed","sticky":false,"template":"","format":"standard","meta":{"footnotes":""},"categories":[12],"tags":[3],"class_list":["post-26061","post","type-post","status-publish","format-standard","has-post-thumbnail","hentry","category-comunicati","tag-ultimora"],"_links":{"self":[{"href":"https:\/\/ciaoup.it\/index.php?rest_route=\/wp\/v2\/posts\/26061","targetHints":{"allow":["GET"]}}],"collection":[{"href":"https:\/\/ciaoup.it\/index.php?rest_route=\/wp\/v2\/posts"}],"about":[{"href":"https:\/\/ciaoup.it\/index.php?rest_route=\/wp\/v2\/types\/post"}],"author":[{"embeddable":true,"href":"https:\/\/ciaoup.it\/index.php?rest_route=\/wp\/v2\/users\/3"}],"replies":[{"embeddable":true,"href":"https:\/\/ciaoup.it\/index.php?rest_route=%2Fwp%2Fv2%2Fcomments&post=26061"}],"version-history":[{"count":1,"href":"https:\/\/ciaoup.it\/index.php?rest_route=\/wp\/v2\/posts\/26061\/revisions"}],"predecessor-version":[{"id":26075,"href":"https:\/\/ciaoup.it\/index.php?rest_route=\/wp\/v2\/posts\/26061\/revisions\/26075"}],"wp:featuredmedia":[{"embeddable":true,"href":"https:\/\/ciaoup.it\/index.php?rest_route=\/wp\/v2\/media\/26062"}],"wp:attachment":[{"href":"https:\/\/ciaoup.it\/index.php?rest_route=%2Fwp%2Fv2%2Fmedia&parent=26061"}],"wp:term":[{"taxonomy":"category","embeddable":true,"href":"https:\/\/ciaoup.it\/index.php?rest_route=%2Fwp%2Fv2%2Fcategories&post=26061"},{"taxonomy":"post_tag","embeddable":true,"href":"https:\/\/ciaoup.it\/index.php?rest_route=%2Fwp%2Fv2%2Ftags&post=26061"}],"curies":[{"name":"wp","href":"https:\/\/api.w.org\/{rel}","templated":true}]}}