{"id":26059,"date":"2025-11-09T14:08:55","date_gmt":"2025-11-09T14:08:55","guid":{"rendered":"https:\/\/ciaoup.it\/?p=26059"},"modified":"2025-11-09T14:08:55","modified_gmt":"2025-11-09T14:08:55","slug":"manovra-giorgetti-massacrati-su-taglio-irpef-ceto-medio-ma-siamo-nel-giusto","status":"publish","type":"post","link":"https:\/\/ciaoup.it\/?p=26059","title":{"rendered":"Manovra, Giorgetti: &#8220;Massacrati su taglio Irpef ceto medio, ma siamo nel giusto&#8221;"},"content":{"rendered":"<p> (Adnkronos) &#8211; &#8221;Una volta che abbiamo cercato di ovviare, non per i ricchi, ma per quelli che guadagnano, diciamo cos\u00ec, delle cifre ragionevoli, siamo stati in qualche modo massacrati da coloro che hanno la possibilit\u00e0 di massacrare&#8221;. Cos\u00ec il ministro dell&#8217;Economia, Giancarlo Giorgetti, parlando del taglio dell&#8217;Irpef per i ceti medi previsto dalla manovra. Intervenendo in collegamento al festival dei territori industriali a Bergamo, il ministro ha aggiunto: &#8221;Non \u00e8 un problema perch\u00e9 noi riteniamo di essere nel giusto. Un&#8217;analisi serena e oggettiva credo che possa portare a ben diversi risultati&#8221;. \u00a0<\/p>\n<p>&#8220;A giudicare e valutare il comportamento degli altri si fa molto in fretta &#8211; ha continuato il ministro dopo i rilievi di Istat, Corte dei Conti e Bankitalia- Assumersi la responsabilit\u00e0 e far quadrare il cerchio in una situazione in cui abbiamo guerre armate, guerre commerciali, situazioni di instabilit\u00e0 di ogni tipo, \u00e8 un po&#8217; pi\u00f9 complicato&#8221;. \u00a0<\/p>\n<p>Rispondendo all&#8217;accusa secondo cui il taglio dell&#8217;Ipref \u00e8 per i ricchi, Giorgetti ha osservato: &#8221;Bisogna capire cosa si intende per ricco, se ricco \u00e8 colui che guadagna 45mila euro l&#8217;ordi all&#8217;anno, cio\u00e8 poco pi\u00f9 di 2mila euro netti al mese, diciamo cos\u00ec, Istat, Banca d&#8217;Italia e Upb hanno una concezione della vita un po&#8217;&#8230;&#8221;. \u00a0<\/p>\n<p>&#8221;Noi siamo intervenuti sul cento medio, perch\u00e9 i ceti pi\u00f9 svantaggiati sono stati negli anni scorsi attenzionati&#8221;, ha ricordato Giorgetti. &#8221;Quindi noi abbiamo messo circa 18 miliardi l&#8217;anno scorso e le abbiamo rimessi quest&#8217;anno per i redditi inferiori a 35 mila euro, quest&#8217;anno come abbiamo sempre detto abbiamo fatto uno sforzo ulteriore e abbiamo coperto anche la fascia di redditi fino a 50 mila euro. A me sembra una logica assolutamente in fin dei conti, cio\u00e8 considerando l&#8217;orizzonte pluriennale, assolutamente sensata&#8221;. \u00a0<\/p>\n<p>&#8221;Uno degli interventi che io mi auguro si possa migliorare durante la discussione in Parlamento, quello relativo agli iperammortamenti e ai superammortamenti, perch\u00e9 sono quelli che in qualche modo danno un impulso, oserei dire, quasi automatico per rinnovare, investire, migliorare&#8221;, ha detto ancora. &#8221;Renderlo pluriennale secondo me sarebbe una bella cosa&#8221;, ha sottolineato. La possibilit\u00e0 di programmare gli investimenti in un arco temporale di pi\u00f9 anni &#8221;d\u00e0 agli imprenditori un quadro di certezze nel tempo e quindi anche la capacit\u00e0 e la possibilit\u00e0 di programmare gli investimenti&#8221;, osserva il ministro. &#8221;Se devo sbilanciarmi su questo cercheremo di trovare sicuramente una soluzione&#8221;, ha assicurato Giorgetti.\u00a0<\/p>\n<p>&#8212;<\/p>\n<p>economia<\/p>\n<p>webinfo@adnkronos.com (Web Info)<\/p>\n<div style=\"display:flex; gap:10px;justify-content:center\" class=\"wps-pgfw-pdf-generate-icon__wrapper-frontend\">\n\t\t<a  href=\"https:\/\/ciaoup.it?action=genpdf&amp;id=26059\" class=\"pgfw-single-pdf-download-button\" ><img src=\"https:\/\/ciaoup.it\/wp-content\/plugins\/pdf-generator-for-wp\/admin\/src\/images\/PDF_Tray.svg\" title=\"Generate PDF\" style=\"width:auto; height:45px;\"><\/a>\n\t\t<\/div>","protected":false},"excerpt":{"rendered":"<p>(Adnkronos) &#8211; &#8221;Una volta che abbiamo cercato di ovviare, non per i ricchi, ma per&hellip;<\/p>\n","protected":false},"author":3,"featured_media":26060,"comment_status":"open","ping_status":"closed","sticky":false,"template":"","format":"standard","meta":{"footnotes":""},"categories":[12],"tags":[3],"class_list":["post-26059","post","type-post","status-publish","format-standard","has-post-thumbnail","hentry","category-comunicati","tag-ultimora"],"_links":{"self":[{"href":"https:\/\/ciaoup.it\/index.php?rest_route=\/wp\/v2\/posts\/26059","targetHints":{"allow":["GET"]}}],"collection":[{"href":"https:\/\/ciaoup.it\/index.php?rest_route=\/wp\/v2\/posts"}],"about":[{"href":"https:\/\/ciaoup.it\/index.php?rest_route=\/wp\/v2\/types\/post"}],"author":[{"embeddable":true,"href":"https:\/\/ciaoup.it\/index.php?rest_route=\/wp\/v2\/users\/3"}],"replies":[{"embeddable":true,"href":"https:\/\/ciaoup.it\/index.php?rest_route=%2Fwp%2Fv2%2Fcomments&post=26059"}],"version-history":[{"count":1,"href":"https:\/\/ciaoup.it\/index.php?rest_route=\/wp\/v2\/posts\/26059\/revisions"}],"predecessor-version":[{"id":26067,"href":"https:\/\/ciaoup.it\/index.php?rest_route=\/wp\/v2\/posts\/26059\/revisions\/26067"}],"wp:featuredmedia":[{"embeddable":true,"href":"https:\/\/ciaoup.it\/index.php?rest_route=\/wp\/v2\/media\/26060"}],"wp:attachment":[{"href":"https:\/\/ciaoup.it\/index.php?rest_route=%2Fwp%2Fv2%2Fmedia&parent=26059"}],"wp:term":[{"taxonomy":"category","embeddable":true,"href":"https:\/\/ciaoup.it\/index.php?rest_route=%2Fwp%2Fv2%2Fcategories&post=26059"},{"taxonomy":"post_tag","embeddable":true,"href":"https:\/\/ciaoup.it\/index.php?rest_route=%2Fwp%2Fv2%2Ftags&post=26059"}],"curies":[{"name":"wp","href":"https:\/\/api.w.org\/{rel}","templated":true}]}}