{"id":26052,"date":"2025-11-09T13:03:25","date_gmt":"2025-11-09T13:03:25","guid":{"rendered":"https:\/\/ciaoup.it\/?p=26052"},"modified":"2025-11-09T13:03:25","modified_gmt":"2025-11-09T13:03:25","slug":"trump-dorme-nello-studio-ovale-le-foto-sospette-e-la-risposta-della-casa-bianca","status":"publish","type":"post","link":"https:\/\/ciaoup.it\/?p=26052","title":{"rendered":"Trump dorme nello Studio Ovale? Le foto &#8216;sospette&#8217; e la risposta della Casa Bianca"},"content":{"rendered":"<p> (Adnkronos) &#8211;<br \/>\nDonald Trump si \u00e8 addormentato nello Studio Ovale? La domanda rimbalza tra media americani e social, con l&#8217;analisi delle foto che ritraggono il presidente degli Stati Uniti alla scrivania durante un evento di gioved\u00ec.\u00a0<\/p>\n<p>\u00a0<\/p>\n<p>Nell&#8217;Oval Office vengono annunciati i tagli ai prezzi dei farmaci per contrastare l&#8217;obesit\u00e0. Trump, 79 anni, viene immortalato prima con un&#8217;espressione poco &#8216;brillante&#8217;, poi arriva lo scatto che lo sorprende con gli occhi chiusi: una foto casuale o un cedimento del presidente? Le immagini diventano l&#8217;assist per gli oppositori di Trump, a cominciare da Gavin Newsom, governatore della California. &#8220;E&#8217; tornato Don l&#8217;assonnato&#8221;, scrive Newsom. Un&#8217;onta per Trump, che per mesi ha apostrofato Joe Biden con il soprannome di &#8216;Sleepy&#8217;, addormentato.\u00a0<\/p>\n<p>\u00a0<\/p>\n<p>La Casa Bianca \u00e8 corsa rapidamente ai ripari con le parole di un portavoce, Taylor Rogers, interpellato dalla Cnn. &#8220;Il presidente non stava dormendo. Anzi, ha parlato per tutto il tempo e ha risposto a numerose domande della stampa in relazione all&#8217;annuncio di una riduzione storica dei prezzi di due farmaci che aiutano gli americani che soffrono di diabete, malattie cardiache, obesit\u00e0 e altre patologie&#8221;, dice Rogers.\u00a0<\/p>\n<p>&#8220;L&#8217;annuncio del presidente far\u00e0 risparmiare una notevole quantit\u00e0 di denaro e salver\u00e0 moltissime vite americane. Eppure i media progressisti, in crollo verticale, invece di raccontare i fatti diffondono spazzatura&#8221;.\u00a0<\/p>\n<p>\u00a0<\/p>\n<p>Trump, dall&#8217;inizio del suo secondo mandato, appare regolarmente in pubblico e non si sottrae alle domande dei media. Nell&#8217;amministrazione, dal vicepresidente JD Vance alla portavoce Katerine Leavitt, tutti lodano l&#8217;energia del presidente, costantemente attivo. La stanchezza di Trump nell&#8217;evento di gioved\u00ec non sarebbe una sorpresa, n\u00e9 uno scandalo. Il presidente era appena rientrato da Miami, dove aveva tenuto un lungo discorso il giorno prima. E la tappa in Florida aveva fatto seguito alla missione in Estremo Oriente, con visite e incontri di altissimo livello tra Malesia, Giappone e Corea del Sud.\u00a0<\/p>\n<p>\u00a0<\/p>\n<p>Le giustificazioni, insomma, non mancano. Ma non mancano nemmeno i punti interrogativi sulle condizioni generali del presidente. Trump si \u00e8 sottoposto ai controlli di routine al Walter Reed National Military Medical Center, la sua salute ufficialmente non desta alcuna preoccupazione. Lo stesso presidente, per\u00f2, ha reso noto di essersi sottoposto recentemente ad una risonanza magnetica, senza spiegare cosa abbia reso necessario un esame cos\u00ec specifico.\u00a0<\/p>\n<p>A completare il quadro, le immagini degli ultimi mesi: Trump \u00e8 apparso con tumefazioni su una mano &#8211; per la Casa Bianca provocate dalle numerose strette di mano &#8211; e con caviglie estremamente gonfie, probabilmente in conseguenza di problemi circolatori.\u00a0<\/p>\n<p>\u00a0<\/p>\n<p>\u00a0<\/p>\n<p>&#8212;<\/p>\n<p>internazionale\/esteri<\/p>\n<p>webinfo@adnkronos.com (Web Info)<\/p>\n<div style=\"display:flex; gap:10px;justify-content:center\" class=\"wps-pgfw-pdf-generate-icon__wrapper-frontend\">\n\t\t<a  href=\"https:\/\/ciaoup.it?action=genpdf&amp;id=26052\" class=\"pgfw-single-pdf-download-button\" ><img src=\"https:\/\/ciaoup.it\/wp-content\/plugins\/pdf-generator-for-wp\/admin\/src\/images\/PDF_Tray.svg\" title=\"Generate PDF\" style=\"width:auto; height:45px;\"><\/a>\n\t\t<\/div>","protected":false},"excerpt":{"rendered":"<p>(Adnkronos) &#8211; Donald Trump si \u00e8 addormentato nello Studio Ovale? La domanda rimbalza tra media&hellip;<\/p>\n","protected":false},"author":3,"featured_media":26053,"comment_status":"open","ping_status":"closed","sticky":false,"template":"","format":"standard","meta":{"footnotes":""},"categories":[12],"tags":[3],"class_list":["post-26052","post","type-post","status-publish","format-standard","has-post-thumbnail","hentry","category-comunicati","tag-ultimora"],"_links":{"self":[{"href":"https:\/\/ciaoup.it\/index.php?rest_route=\/wp\/v2\/posts\/26052","targetHints":{"allow":["GET"]}}],"collection":[{"href":"https:\/\/ciaoup.it\/index.php?rest_route=\/wp\/v2\/posts"}],"about":[{"href":"https:\/\/ciaoup.it\/index.php?rest_route=\/wp\/v2\/types\/post"}],"author":[{"embeddable":true,"href":"https:\/\/ciaoup.it\/index.php?rest_route=\/wp\/v2\/users\/3"}],"replies":[{"embeddable":true,"href":"https:\/\/ciaoup.it\/index.php?rest_route=%2Fwp%2Fv2%2Fcomments&post=26052"}],"version-history":[{"count":1,"href":"https:\/\/ciaoup.it\/index.php?rest_route=\/wp\/v2\/posts\/26052\/revisions"}],"predecessor-version":[{"id":26054,"href":"https:\/\/ciaoup.it\/index.php?rest_route=\/wp\/v2\/posts\/26052\/revisions\/26054"}],"wp:featuredmedia":[{"embeddable":true,"href":"https:\/\/ciaoup.it\/index.php?rest_route=\/wp\/v2\/media\/26053"}],"wp:attachment":[{"href":"https:\/\/ciaoup.it\/index.php?rest_route=%2Fwp%2Fv2%2Fmedia&parent=26052"}],"wp:term":[{"taxonomy":"category","embeddable":true,"href":"https:\/\/ciaoup.it\/index.php?rest_route=%2Fwp%2Fv2%2Fcategories&post=26052"},{"taxonomy":"post_tag","embeddable":true,"href":"https:\/\/ciaoup.it\/index.php?rest_route=%2Fwp%2Fv2%2Ftags&post=26052"}],"curies":[{"name":"wp","href":"https:\/\/api.w.org\/{rel}","templated":true}]}}