{"id":26031,"date":"2025-11-09T10:21:06","date_gmt":"2025-11-09T10:21:06","guid":{"rendered":"https:\/\/ciaoup.it\/?p=26031"},"modified":"2025-11-09T10:21:06","modified_gmt":"2025-11-09T10:21:06","slug":"cina-follini-dalema-non-si-traveste-sua-tenacia-merita-rispetto","status":"publish","type":"post","link":"https:\/\/ciaoup.it\/?p=26031","title":{"rendered":"Cina, Follini: &#8220;D\u2019Alema non si traveste, sua tenacia merita rispetto&#8221;"},"content":{"rendered":"<p> (Adnkronos) &#8211; &#8220;Conosco Massimo D\u2019Alema dal lontano 1975. Nel frattempo \u00e8 passato mezzo secolo. All\u2019epoca lui era il segretario della Fgci, l\u2019organizzazione giovanile del Pci. Due anni dopo io sarei stato eletto segretario del Movimento Giovanile della Dc. In tutti questi anni ci \u00e8 capitato un\u2019infinit\u00e0 di volte di incrociarci. Pi\u00f9 spesso in contrasto. Qualche volta in sintonia. Sempre con rispetto e con una certa curiosit\u00e0. Un intreccio di politica e di vita che ognuno di noi ha svolto nei modi pi\u00f9 diversi. Fino a perdere la consuetudine che oggi magari si affida alle cose che diciamo e che scriviamo. Ma che in qualche modo prosegue un confronto e perfino -a modo nostro- una sorta di amicizia a distanza. \u00a0<\/p>\n<p>D\u2019Alema \u00e8 la tenacia, io sono la rinuncia. Lui adora la polemica, io faccio pi\u00f9 fatica nel conflitto. Lui \u00e8 stato comunista, e per certi versi lo \u00e8 rimasto. Io mi considero democristiano anche a distanza di anni dalla fine della Dc. Insomma, se anche per qualche tempo le nostre storie politiche si sono intrecciate, sono molto pi\u00f9 le differenze a parlare di noi. Differenze di cui credo siamo orgogliosi, tutti e due. \u00a0<\/p>\n<p>Quando l\u2019ho visto in quel di Pechino, nei giorni scorsi, mi sono trovato, letteralmente, all\u2019altro capo del mondo. E quando ho letto due sue dense interviste, a Fabio Martini e ad Aldo Cazzullo, ho provato il brivido antico della distanza politica che ci separa. Una distanza a cui credo che siamo affezionati tutti e due. Occidentali, certo. Ma con un\u2019idea di Occidente assai diversa. \u00a0<\/p>\n<p>D\u2019altra parte la storia non \u00e8 mai acqua che passa sulla pancia delle anatre, come diceva Keynes. Essa fa parte del futuro quanto e pi\u00f9 di tutti i progetti che coviamo nel nostro animo cercando di avvicinarci a quel traguardo che resta sempre cos\u00ec lontano dalle nostre immaginazioni. E per\u00f2, da avversario antico, mi viene da dire: la politica \u00e8 cos\u00ec, e proprio questo \u00e8 il bello. E\u2019 la tenacia con cui si resta legati a se stessi, alle proprie convinzioni. E\u2019 la capacit\u00e0 di affermare un punto di vista che suona impopolare e risulta quasi sempre assai meno conveniente della facile resa al conformismo. E\u2019 il carattere di chi resta se stesso anche quando sarebbe prudente mimetizzarsi. E\u2019 quel tanto di coerenza che unisce il come eravamo e quello che nel frattempo siamo diventati. Figure di altre stagioni, che appaiono desuete. Credo anche a noi stessi -almeno qualche volta. \u00a0<\/p>\n<p>Cos\u00ec oggi mi viene di criticarlo in nome di una geopolitica che ci divide. E anche di una storia cos\u00ec lungamente diversa. Ma poi mi dico che \u00e8 proprio la rivendicazione che ognuno di noi fa della propria storia a dar conto di un mondo e di una generazione. La nostra \u00e8 stata forse l\u2019ultima generazione che \u00e8 cresciuta dentro un sistema politico che ancora faceva scuola. Dove ci insegnavano a tenere il punto, a non inseguire le mode pi\u00f9 di tanto, a collegare idealmente il passato di cui eravamo eredi e il futuro che ci illudevamo di padroneggiare. Siamo stati figli di partito -sia pure di partiti che non esistono pi\u00f9. \u00a0<\/p>\n<p>Il tempo che \u00e8 passato -tanto, forse troppo- non ci consente grandi illusioni. Il mondo \u00e8 un altro, e altri ne sono i protagonisti. Ma se c\u2019\u00e8 un dovere a cui la nostra generazione \u00e8 tenuta \u00e8 proprio quello di evitare travestimenti. Per discutibili che siano le storie che abbiamo alle spalle, per discutibilissimi che siamo noi, ciascuno di noi, per quanti errori si siano commessi e per quanti dissensi anche aspri ci portiamo dietro, noi siamo quella storia l\u00ec. Lo siamo testardamente, mi viene da dire. Lo siamo portandoci dietro un retaggio che \u00e8 forse la parte pi\u00f9 importante di noi. La tenacia con cui D\u2019Alema resta tale merita rispetto. Non si traveste, non compiace. E\u2019 ostico, ostinato. E autentico. Non \u00e8 cosa da poco. Anche per quanti, come me, si trovano agli antipodi di molti dei suoi pensieri di ieri e di oggi&#8221;. (di Marco Follini)\u00a0<\/p>\n<p>&#8212;<\/p>\n<p>politica<\/p>\n<p>webinfo@adnkronos.com (Web Info)<\/p>\n<div style=\"display:flex; gap:10px;justify-content:center\" class=\"wps-pgfw-pdf-generate-icon__wrapper-frontend\">\n\t\t<a  href=\"https:\/\/ciaoup.it?action=genpdf&amp;id=26031\" class=\"pgfw-single-pdf-download-button\" ><img src=\"https:\/\/ciaoup.it\/wp-content\/plugins\/pdf-generator-for-wp\/admin\/src\/images\/PDF_Tray.svg\" title=\"Generate PDF\" style=\"width:auto; height:45px;\"><\/a>\n\t\t<\/div>","protected":false},"excerpt":{"rendered":"<p>(Adnkronos) &#8211; &#8220;Conosco Massimo D\u2019Alema dal lontano 1975. Nel frattempo \u00e8 passato mezzo secolo. All\u2019epoca&hellip;<\/p>\n","protected":false},"author":3,"featured_media":26032,"comment_status":"open","ping_status":"closed","sticky":false,"template":"","format":"standard","meta":{"footnotes":""},"categories":[12],"tags":[3],"class_list":["post-26031","post","type-post","status-publish","format-standard","has-post-thumbnail","hentry","category-comunicati","tag-ultimora"],"_links":{"self":[{"href":"https:\/\/ciaoup.it\/index.php?rest_route=\/wp\/v2\/posts\/26031","targetHints":{"allow":["GET"]}}],"collection":[{"href":"https:\/\/ciaoup.it\/index.php?rest_route=\/wp\/v2\/posts"}],"about":[{"href":"https:\/\/ciaoup.it\/index.php?rest_route=\/wp\/v2\/types\/post"}],"author":[{"embeddable":true,"href":"https:\/\/ciaoup.it\/index.php?rest_route=\/wp\/v2\/users\/3"}],"replies":[{"embeddable":true,"href":"https:\/\/ciaoup.it\/index.php?rest_route=%2Fwp%2Fv2%2Fcomments&post=26031"}],"version-history":[{"count":1,"href":"https:\/\/ciaoup.it\/index.php?rest_route=\/wp\/v2\/posts\/26031\/revisions"}],"predecessor-version":[{"id":26035,"href":"https:\/\/ciaoup.it\/index.php?rest_route=\/wp\/v2\/posts\/26031\/revisions\/26035"}],"wp:featuredmedia":[{"embeddable":true,"href":"https:\/\/ciaoup.it\/index.php?rest_route=\/wp\/v2\/media\/26032"}],"wp:attachment":[{"href":"https:\/\/ciaoup.it\/index.php?rest_route=%2Fwp%2Fv2%2Fmedia&parent=26031"}],"wp:term":[{"taxonomy":"category","embeddable":true,"href":"https:\/\/ciaoup.it\/index.php?rest_route=%2Fwp%2Fv2%2Fcategories&post=26031"},{"taxonomy":"post_tag","embeddable":true,"href":"https:\/\/ciaoup.it\/index.php?rest_route=%2Fwp%2Fv2%2Ftags&post=26031"}],"curies":[{"name":"wp","href":"https:\/\/api.w.org\/{rel}","templated":true}]}}