{"id":25959,"date":"2025-11-08T23:41:27","date_gmt":"2025-11-08T23:41:27","guid":{"rendered":"https:\/\/ciaoup.it\/?p=25959"},"modified":"2025-11-08T23:41:27","modified_gmt":"2025-11-08T23:41:27","slug":"ballando-con-le-stelle-paolo-belli-in-lacrime-dedica-il-valzer-alla-moglie-deanna","status":"publish","type":"post","link":"https:\/\/ciaoup.it\/?p=25959","title":{"rendered":"Ballando con le stelle, Paolo Belli in lacrime dedica il valzer alla moglie Deanna"},"content":{"rendered":"<p> (Adnkronos) &#8211;<br \/>\nPaolo Belli commosso a Ballando con le stelle. Il concorrente ha dedicato l&#8217;esibizione di questa sera, un valzer, alla moglie Deanna che ha affrontato un grave problema di salute. \u00a0<\/p>\n<p>Nella clip andata in onda prima di scendere in pista, Belli ha raccontato con estrema delicatezza delle difficolt\u00e0 che hanno attraversato insieme nel corso dei 42 di matrimonio: &#8220;Mi innamoro di lei ogni giorno, del suo sorriso e del tono della sua voce. Per me esiste solo lei, non mi interessa nient&#8217;altro&#8221;. \u00a0<\/p>\n<p>&#8220;Sfide ne abbiamo affrontate diverse, ma la sfida pi\u00f9 grossa \u00e8 stata quella di un anno fa&#8221;, ha raccontato il conduttore senza entrare nei dettagli. &#8220;Le sono stato accanto tutto il tempo, questa grande prova \u00e8 stata superata. Io lo so che \u00e8 stato merito dei dottori per\u00f2 mi piace pensare che la nostra energia sia servita&#8221;, ha raccontato senza riuscire a trattenere le lacrime. Una sfida, l&#8217;ennesima, vinta insieme.  \u00a0<\/p>\n<p>&#8220;Fiera di te. Non \u00e8 facile portare in scena una cosa simile. Questa \u00e8 qualit\u00e0, non me ne fregava niente della tecnica. Sono solo fiera di te&#8221;, le parole di Carolyn Smith dopo l&#8217;esibizione di Paolo Belli. \u00a0<\/p>\n<p>\u00a0<\/p>\n<p>&#8212;<\/p>\n<p>spettacoli<\/p>\n<p>webinfo@adnkronos.com (Web Info)<\/p>\n<div style=\"display:flex; gap:10px;justify-content:center\" class=\"wps-pgfw-pdf-generate-icon__wrapper-frontend\">\n\t\t<a  href=\"https:\/\/ciaoup.it?action=genpdf&amp;id=25959\" class=\"pgfw-single-pdf-download-button\" ><img src=\"https:\/\/ciaoup.it\/wp-content\/plugins\/pdf-generator-for-wp\/admin\/src\/images\/PDF_Tray.svg\" title=\"Generate PDF\" style=\"width:auto; height:45px;\"><\/a>\n\t\t<\/div>","protected":false},"excerpt":{"rendered":"<p>(Adnkronos) &#8211; Paolo Belli commosso a Ballando con le stelle. Il concorrente ha dedicato l&#8217;esibizione&hellip;<\/p>\n","protected":false},"author":3,"featured_media":25960,"comment_status":"open","ping_status":"closed","sticky":false,"template":"","format":"standard","meta":{"footnotes":""},"categories":[12],"tags":[3],"class_list":["post-25959","post","type-post","status-publish","format-standard","has-post-thumbnail","hentry","category-comunicati","tag-ultimora"],"_links":{"self":[{"href":"https:\/\/ciaoup.it\/index.php?rest_route=\/wp\/v2\/posts\/25959","targetHints":{"allow":["GET"]}}],"collection":[{"href":"https:\/\/ciaoup.it\/index.php?rest_route=\/wp\/v2\/posts"}],"about":[{"href":"https:\/\/ciaoup.it\/index.php?rest_route=\/wp\/v2\/types\/post"}],"author":[{"embeddable":true,"href":"https:\/\/ciaoup.it\/index.php?rest_route=\/wp\/v2\/users\/3"}],"replies":[{"embeddable":true,"href":"https:\/\/ciaoup.it\/index.php?rest_route=%2Fwp%2Fv2%2Fcomments&post=25959"}],"version-history":[{"count":1,"href":"https:\/\/ciaoup.it\/index.php?rest_route=\/wp\/v2\/posts\/25959\/revisions"}],"predecessor-version":[{"id":25970,"href":"https:\/\/ciaoup.it\/index.php?rest_route=\/wp\/v2\/posts\/25959\/revisions\/25970"}],"wp:featuredmedia":[{"embeddable":true,"href":"https:\/\/ciaoup.it\/index.php?rest_route=\/wp\/v2\/media\/25960"}],"wp:attachment":[{"href":"https:\/\/ciaoup.it\/index.php?rest_route=%2Fwp%2Fv2%2Fmedia&parent=25959"}],"wp:term":[{"taxonomy":"category","embeddable":true,"href":"https:\/\/ciaoup.it\/index.php?rest_route=%2Fwp%2Fv2%2Fcategories&post=25959"},{"taxonomy":"post_tag","embeddable":true,"href":"https:\/\/ciaoup.it\/index.php?rest_route=%2Fwp%2Fv2%2Ftags&post=25959"}],"curies":[{"name":"wp","href":"https:\/\/api.w.org\/{rel}","templated":true}]}}