{"id":25956,"date":"2025-11-08T22:03:38","date_gmt":"2025-11-08T22:03:38","guid":{"rendered":"https:\/\/ciaoup.it\/?p=25956"},"modified":"2025-11-08T22:03:38","modified_gmt":"2025-11-08T22:03:38","slug":"andrea-delogu-tornera-in-gara-a-ballando-con-le-stelle-lannuncio-di-milly-carlucci","status":"publish","type":"post","link":"https:\/\/ciaoup.it\/?p=25956","title":{"rendered":"Andrea Delogu torner\u00e0 in gara a Ballando con le stelle, l&#8217;annuncio di Milly Carlucci"},"content":{"rendered":"<p> (Adnkronos) &#8211;<br \/>\nAndrea Delogu torner\u00e0 in gara a Ballando con le stelle. L&#8217;annuncio ufficiale \u00e8 arrivato nel corso della puntata di oggi, sabato 8 novembre, direttamente dalla padrona di casa Milly Carlucci che ha voluto mandare un caloroso abbraccio alla concorrente, assente nelle ultime due settimane del dance show causa di un grave lutto familiare.  \u00a0<\/p>\n<p>La conduttrice ha infatti perso il fratello Evan, morto a Bellaria in un tragico incidente in moto. &#8220;Ti aspettiamo Andrea, un grosso bacio&#8221;, ha detto Carlucci in diretta, poco dopo l&#8217;eliminazione ufficiale de La Signora Coriandoli, rivolgendo un pensiero alla collega, accanto a Nikita Perotti, maestro e partner di ballo di Andrea Delogu. \u00a0<\/p>\n<p>La conduttrice ha inoltre chiarito le modalit\u00e0 con cui la coppia rientrer\u00e0 in gara sabato 15 novembre nell&#8217;ottava puntata: la coppia formata da Andrea e Nikita affronter\u00e0 uno spareggio speciale contro le due coppie che si classificheranno ultime nella puntata di stasera.\u00a0<\/p>\n<p>\u00a0\u00a0<\/p>\n<p>&#8212;<\/p>\n<p>spettacoli<\/p>\n<p>webinfo@adnkronos.com (Web Info)<\/p>\n<div style=\"display:flex; gap:10px;justify-content:center\" class=\"wps-pgfw-pdf-generate-icon__wrapper-frontend\">\n\t\t<a  href=\"https:\/\/ciaoup.it?action=genpdf&amp;id=25956\" class=\"pgfw-single-pdf-download-button\" ><img src=\"https:\/\/ciaoup.it\/wp-content\/plugins\/pdf-generator-for-wp\/admin\/src\/images\/PDF_Tray.svg\" title=\"Generate PDF\" style=\"width:auto; height:45px;\"><\/a>\n\t\t<\/div>","protected":false},"excerpt":{"rendered":"<p>(Adnkronos) &#8211; Andrea Delogu torner\u00e0 in gara a Ballando con le stelle. L&#8217;annuncio ufficiale \u00e8&hellip;<\/p>\n","protected":false},"author":3,"featured_media":25957,"comment_status":"open","ping_status":"closed","sticky":false,"template":"","format":"standard","meta":{"footnotes":""},"categories":[12],"tags":[3],"class_list":["post-25956","post","type-post","status-publish","format-standard","has-post-thumbnail","hentry","category-comunicati","tag-ultimora"],"_links":{"self":[{"href":"https:\/\/ciaoup.it\/index.php?rest_route=\/wp\/v2\/posts\/25956","targetHints":{"allow":["GET"]}}],"collection":[{"href":"https:\/\/ciaoup.it\/index.php?rest_route=\/wp\/v2\/posts"}],"about":[{"href":"https:\/\/ciaoup.it\/index.php?rest_route=\/wp\/v2\/types\/post"}],"author":[{"embeddable":true,"href":"https:\/\/ciaoup.it\/index.php?rest_route=\/wp\/v2\/users\/3"}],"replies":[{"embeddable":true,"href":"https:\/\/ciaoup.it\/index.php?rest_route=%2Fwp%2Fv2%2Fcomments&post=25956"}],"version-history":[{"count":1,"href":"https:\/\/ciaoup.it\/index.php?rest_route=\/wp\/v2\/posts\/25956\/revisions"}],"predecessor-version":[{"id":25958,"href":"https:\/\/ciaoup.it\/index.php?rest_route=\/wp\/v2\/posts\/25956\/revisions\/25958"}],"wp:featuredmedia":[{"embeddable":true,"href":"https:\/\/ciaoup.it\/index.php?rest_route=\/wp\/v2\/media\/25957"}],"wp:attachment":[{"href":"https:\/\/ciaoup.it\/index.php?rest_route=%2Fwp%2Fv2%2Fmedia&parent=25956"}],"wp:term":[{"taxonomy":"category","embeddable":true,"href":"https:\/\/ciaoup.it\/index.php?rest_route=%2Fwp%2Fv2%2Fcategories&post=25956"},{"taxonomy":"post_tag","embeddable":true,"href":"https:\/\/ciaoup.it\/index.php?rest_route=%2Fwp%2Fv2%2Ftags&post=25956"}],"curies":[{"name":"wp","href":"https:\/\/api.w.org\/{rel}","templated":true}]}}