{"id":25934,"date":"2025-11-08T20:11:32","date_gmt":"2025-11-08T20:11:32","guid":{"rendered":"https:\/\/ciaoup.it\/?p=25934"},"modified":"2025-11-08T20:11:32","modified_gmt":"2025-11-08T20:11:32","slug":"de-lellis-e-tony-effe-festeggiano-il-primo-mese-di-priscilla-poi-la-verita-sui-ritocchini-estetici","status":"publish","type":"post","link":"https:\/\/ciaoup.it\/?p=25934","title":{"rendered":"De Lellis e Tony Effe festeggiano il primo mese di Priscilla, poi la verit\u00e0 sui &#8216;ritocchini estetici&#8217;"},"content":{"rendered":"<p> (Adnkronos) &#8211;<br \/>\nGiulia De Lellis e Tony Effe hanno festeggiato il primo mese di Priscilla e il primo da genitori. Lo scorso 8 ottobre, la coppia aveva annunciato sui social la nascita della loro primogenita. \u00a0<\/p>\n<p>Per la piccola Priscilla \u00e8 stata realizzata una torta di lamponi con una piccola candelina sopra: &#8220;La mia bambina turns one month old&#8221;. Il tempo sta passando gi\u00e0 cos\u00ec in fretta. Vorrei solo che si fermasse il tempo a noi tre cos\u00ec con questi piedini&#8221;, ha scritto l&#8217;infuencer postando poi alcune foto dei festeggiamenti.\u00a0<\/p>\n<p>L&#8217;influencer ha poi riposto alle domande dei follower, di chi le ha chiesto se si \u00e8 sottoposta ad alcuni trattamenti estetici al viso: &#8220;Mi chiedete se mi sono ritoccata o sono tornata dal chirurgo, la risposta \u00e8 no. In gravidanza e in allattamento non si pu\u00f2, neanche io posso purtroppo per me, fare nessun tipo di trattamento estetico, chirurgico, che ne so iniezioni o altro, perch\u00e9 \u00e8 assolutamente sconsigliato. Non si deve fare\u201d.\u00a0<\/p>\n<p>\u201cQuindi no, non ho fatto nulla &#8211; ha aggiunto l&#8217;ex gieffina &#8211; secondo me \u00e8 il trucco, forse le luci non lo so. Me lo avete chiesto tutti. Giusto un po&#8217; di laminazione che non facevo da un po&#8217; e poi le sopracciglia. Quindi zigomi, robe\u2026 non ho fatto niente\u201d.\u00a0<\/p>\n<p>&#8212;<\/p>\n<p>spettacoli<\/p>\n<p>webinfo@adnkronos.com (Web Info)<\/p>\n<div style=\"display:flex; gap:10px;justify-content:center\" class=\"wps-pgfw-pdf-generate-icon__wrapper-frontend\">\n\t\t<a  href=\"https:\/\/ciaoup.it?action=genpdf&amp;id=25934\" class=\"pgfw-single-pdf-download-button\" ><img src=\"https:\/\/ciaoup.it\/wp-content\/plugins\/pdf-generator-for-wp\/admin\/src\/images\/PDF_Tray.svg\" title=\"Generate PDF\" style=\"width:auto; height:45px;\"><\/a>\n\t\t<\/div>","protected":false},"excerpt":{"rendered":"<p>(Adnkronos) &#8211; Giulia De Lellis e Tony Effe hanno festeggiato il primo mese di Priscilla&hellip;<\/p>\n","protected":false},"author":3,"featured_media":25935,"comment_status":"open","ping_status":"closed","sticky":false,"template":"","format":"standard","meta":{"footnotes":""},"categories":[12],"tags":[3],"class_list":["post-25934","post","type-post","status-publish","format-standard","has-post-thumbnail","hentry","category-comunicati","tag-ultimora"],"_links":{"self":[{"href":"https:\/\/ciaoup.it\/index.php?rest_route=\/wp\/v2\/posts\/25934","targetHints":{"allow":["GET"]}}],"collection":[{"href":"https:\/\/ciaoup.it\/index.php?rest_route=\/wp\/v2\/posts"}],"about":[{"href":"https:\/\/ciaoup.it\/index.php?rest_route=\/wp\/v2\/types\/post"}],"author":[{"embeddable":true,"href":"https:\/\/ciaoup.it\/index.php?rest_route=\/wp\/v2\/users\/3"}],"replies":[{"embeddable":true,"href":"https:\/\/ciaoup.it\/index.php?rest_route=%2Fwp%2Fv2%2Fcomments&post=25934"}],"version-history":[{"count":1,"href":"https:\/\/ciaoup.it\/index.php?rest_route=\/wp\/v2\/posts\/25934\/revisions"}],"predecessor-version":[{"id":25945,"href":"https:\/\/ciaoup.it\/index.php?rest_route=\/wp\/v2\/posts\/25934\/revisions\/25945"}],"wp:featuredmedia":[{"embeddable":true,"href":"https:\/\/ciaoup.it\/index.php?rest_route=\/wp\/v2\/media\/25935"}],"wp:attachment":[{"href":"https:\/\/ciaoup.it\/index.php?rest_route=%2Fwp%2Fv2%2Fmedia&parent=25934"}],"wp:term":[{"taxonomy":"category","embeddable":true,"href":"https:\/\/ciaoup.it\/index.php?rest_route=%2Fwp%2Fv2%2Fcategories&post=25934"},{"taxonomy":"post_tag","embeddable":true,"href":"https:\/\/ciaoup.it\/index.php?rest_route=%2Fwp%2Fv2%2Ftags&post=25934"}],"curies":[{"name":"wp","href":"https:\/\/api.w.org\/{rel}","templated":true}]}}