{"id":25929,"date":"2025-11-08T19:41:18","date_gmt":"2025-11-08T19:41:18","guid":{"rendered":"https:\/\/ciaoup.it\/?p=25929"},"modified":"2025-11-08T19:41:18","modified_gmt":"2025-11-08T19:41:18","slug":"amanda-sandrelli-la-morte-del-fratello-giovanni-mi-ha-spezzato-il-cuore","status":"publish","type":"post","link":"https:\/\/ciaoup.it\/?p=25929","title":{"rendered":"Amanda Sandrelli, la morte del fratello Giovanni: &#8220;Mi ha spezzato il cuore&#8221;"},"content":{"rendered":"<p> (Adnkronos) &#8211;<br \/>\nAmanda Sandrelli ospite oggi, sabato 8 novembre, a Verissimo ha parlato del dolore per la morte del fratello Giovanni, scomparso pochi mesi fa. &#8220;Se n&#8217;\u00e8 andato all&#8217;improvviso&#8221;, ha raccontato la figlia di Gino Paoli nello studio di Silvia Toffanin. \u00a0<\/p>\n<p>&#8220;\u00c8 una cosa molto fresca, non so bene dove metterla. Faccio fatica a parlarne&#8221;, ha detto Sandrelli. I due fratelli avevano un forte legame: &#8220;Ci siamo conosciuti a otto anni e abbiamo vissuto insieme a Milano con pap\u00e0 e la sua mamma, Anna. Eravamo sempre insieme. \u00c8 nato tre mesi prima di me, le mamme erano incinte nello stesso momento&#8221;, ha raccontato l&#8217;attrice. \u00a0<\/p>\n<p>Un dolore immenso quello per la morte del fratello Giovanni: &#8220;Sapevamo di esserci l&#8217;uno per l&#8217;altro, questo vuoto \u00e8 doloroso. \u00c8 una morte totalmente improvvisa, ancora pi\u00f9 difficile da gestire&#8221;.\u00a0<\/p>\n<p>&#8212;<\/p>\n<p>spettacoli<\/p>\n<p>webinfo@adnkronos.com (Web Info)<\/p>\n<div style=\"display:flex; gap:10px;justify-content:center\" class=\"wps-pgfw-pdf-generate-icon__wrapper-frontend\">\n\t\t<a  href=\"https:\/\/ciaoup.it?action=genpdf&amp;id=25929\" class=\"pgfw-single-pdf-download-button\" ><img src=\"https:\/\/ciaoup.it\/wp-content\/plugins\/pdf-generator-for-wp\/admin\/src\/images\/PDF_Tray.svg\" title=\"Generate PDF\" style=\"width:auto; height:45px;\"><\/a>\n\t\t<\/div>","protected":false},"excerpt":{"rendered":"<p>(Adnkronos) &#8211; Amanda Sandrelli ospite oggi, sabato 8 novembre, a Verissimo ha parlato del dolore&hellip;<\/p>\n","protected":false},"author":3,"featured_media":25930,"comment_status":"open","ping_status":"closed","sticky":false,"template":"","format":"standard","meta":{"footnotes":""},"categories":[12],"tags":[3],"class_list":["post-25929","post","type-post","status-publish","format-standard","has-post-thumbnail","hentry","category-comunicati","tag-ultimora"],"_links":{"self":[{"href":"https:\/\/ciaoup.it\/index.php?rest_route=\/wp\/v2\/posts\/25929","targetHints":{"allow":["GET"]}}],"collection":[{"href":"https:\/\/ciaoup.it\/index.php?rest_route=\/wp\/v2\/posts"}],"about":[{"href":"https:\/\/ciaoup.it\/index.php?rest_route=\/wp\/v2\/types\/post"}],"author":[{"embeddable":true,"href":"https:\/\/ciaoup.it\/index.php?rest_route=\/wp\/v2\/users\/3"}],"replies":[{"embeddable":true,"href":"https:\/\/ciaoup.it\/index.php?rest_route=%2Fwp%2Fv2%2Fcomments&post=25929"}],"version-history":[{"count":1,"href":"https:\/\/ciaoup.it\/index.php?rest_route=\/wp\/v2\/posts\/25929\/revisions"}],"predecessor-version":[{"id":25939,"href":"https:\/\/ciaoup.it\/index.php?rest_route=\/wp\/v2\/posts\/25929\/revisions\/25939"}],"wp:featuredmedia":[{"embeddable":true,"href":"https:\/\/ciaoup.it\/index.php?rest_route=\/wp\/v2\/media\/25930"}],"wp:attachment":[{"href":"https:\/\/ciaoup.it\/index.php?rest_route=%2Fwp%2Fv2%2Fmedia&parent=25929"}],"wp:term":[{"taxonomy":"category","embeddable":true,"href":"https:\/\/ciaoup.it\/index.php?rest_route=%2Fwp%2Fv2%2Fcategories&post=25929"},{"taxonomy":"post_tag","embeddable":true,"href":"https:\/\/ciaoup.it\/index.php?rest_route=%2Fwp%2Fv2%2Ftags&post=25929"}],"curies":[{"name":"wp","href":"https:\/\/api.w.org\/{rel}","templated":true}]}}