{"id":25910,"date":"2025-11-08T17:54:02","date_gmt":"2025-11-08T17:54:02","guid":{"rendered":"https:\/\/ciaoup.it\/?p=25910"},"modified":"2025-11-08T17:54:02","modified_gmt":"2025-11-08T17:54:02","slug":"raffaella-fico-e-incinta-lannuncio-a-verissimo-ho-trovato-il-vero-amore","status":"publish","type":"post","link":"https:\/\/ciaoup.it\/?p=25910","title":{"rendered":"Raffaella Fico \u00e8 incinta, l&#8217;annuncio a Verissimo: &#8220;Ho trovato il vero amore&#8221;"},"content":{"rendered":"<p> (Adnkronos) &#8211;<br \/>\nRaffaella Fico<br \/>\n\u00e8 incinta. &#8220;Per me \u00e8 come se fosse tutto nuovo, super emozionante. Non ricordo nulla della prima gravidanza&#8221;, ha detto la modella e showgirl ospite oggi, sabato 8 novembre, a Verissimo. Fico diventer\u00e0 mamma per la seconda volta. La modella \u00e8 infatti gi\u00e0 mamma di Pia, nata nel 2012 dalla relazione con Mario Balotelli. \u00a0<\/p>\n<p>Oggi Raffaella Fico ha ritrovato l&#8217;amore accanto ad Armando Izzo, 33 anni, calciatore del Monza. &#8220;Finalmente \u00e8 arrivato nella mia vita l&#8217;amore vero, quello bello. \u00c8 arrivato inaspettatamente, quando non ero alla ricerca di un amore. Quello che provo per lui non l&#8217;ho mai provato per nessun altro. \u00c8 come se stessi scoprendo l&#8217;amore per la prima volta&#8221;, ha detto la modella. E sul matrimonio, Raffaella Fico ha detto: &#8220;Potrebbe esserci, ma vedremo pi\u00f9 in l\u00e0&#8221;.\u00a0<\/p>\n<p>&#8212;<\/p>\n<p>spettacoli<\/p>\n<p>webinfo@adnkronos.com (Web Info)<\/p>\n<div style=\"display:flex; gap:10px;justify-content:center\" class=\"wps-pgfw-pdf-generate-icon__wrapper-frontend\">\n\t\t<a  href=\"https:\/\/ciaoup.it?action=genpdf&amp;id=25910\" class=\"pgfw-single-pdf-download-button\" ><img src=\"https:\/\/ciaoup.it\/wp-content\/plugins\/pdf-generator-for-wp\/admin\/src\/images\/PDF_Tray.svg\" title=\"Generate PDF\" style=\"width:auto; height:45px;\"><\/a>\n\t\t<\/div>","protected":false},"excerpt":{"rendered":"<p>(Adnkronos) &#8211; Raffaella Fico \u00e8 incinta. &#8220;Per me \u00e8 come se fosse tutto nuovo, super&hellip;<\/p>\n","protected":false},"author":3,"featured_media":25911,"comment_status":"open","ping_status":"closed","sticky":false,"template":"","format":"standard","meta":{"footnotes":""},"categories":[12],"tags":[3],"class_list":["post-25910","post","type-post","status-publish","format-standard","has-post-thumbnail","hentry","category-comunicati","tag-ultimora"],"_links":{"self":[{"href":"https:\/\/ciaoup.it\/index.php?rest_route=\/wp\/v2\/posts\/25910","targetHints":{"allow":["GET"]}}],"collection":[{"href":"https:\/\/ciaoup.it\/index.php?rest_route=\/wp\/v2\/posts"}],"about":[{"href":"https:\/\/ciaoup.it\/index.php?rest_route=\/wp\/v2\/types\/post"}],"author":[{"embeddable":true,"href":"https:\/\/ciaoup.it\/index.php?rest_route=\/wp\/v2\/users\/3"}],"replies":[{"embeddable":true,"href":"https:\/\/ciaoup.it\/index.php?rest_route=%2Fwp%2Fv2%2Fcomments&post=25910"}],"version-history":[{"count":1,"href":"https:\/\/ciaoup.it\/index.php?rest_route=\/wp\/v2\/posts\/25910\/revisions"}],"predecessor-version":[{"id":25917,"href":"https:\/\/ciaoup.it\/index.php?rest_route=\/wp\/v2\/posts\/25910\/revisions\/25917"}],"wp:featuredmedia":[{"embeddable":true,"href":"https:\/\/ciaoup.it\/index.php?rest_route=\/wp\/v2\/media\/25911"}],"wp:attachment":[{"href":"https:\/\/ciaoup.it\/index.php?rest_route=%2Fwp%2Fv2%2Fmedia&parent=25910"}],"wp:term":[{"taxonomy":"category","embeddable":true,"href":"https:\/\/ciaoup.it\/index.php?rest_route=%2Fwp%2Fv2%2Fcategories&post=25910"},{"taxonomy":"post_tag","embeddable":true,"href":"https:\/\/ciaoup.it\/index.php?rest_route=%2Fwp%2Fv2%2Ftags&post=25910"}],"curies":[{"name":"wp","href":"https:\/\/api.w.org\/{rel}","templated":true}]}}