{"id":25899,"date":"2025-11-08T17:28:36","date_gmt":"2025-11-08T17:28:36","guid":{"rendered":"https:\/\/ciaoup.it\/?p=25899"},"modified":"2025-11-08T17:28:36","modified_gmt":"2025-11-08T17:28:36","slug":"beppe-vessicchio-morto-per-polmonite-interstiziale-cose-la-malattia","status":"publish","type":"post","link":"https:\/\/ciaoup.it\/?p=25899","title":{"rendered":"Beppe Vessicchio morto per polmonite interstiziale: cos&#8217;\u00e8 la malattia"},"content":{"rendered":"<p> (Adnkronos) &#8211; Beppe Vessicchio \u00e8 morto all&#8217;et\u00e0 di 69 anni per &#8220;una polmonite interstiziale precipitata rapidamente&#8221;. L&#8217;ospedale San Camillo di Roma ha diffuso un bollettino dopo il decesso avvenuto oggi, 8 novembre, indicando la causa della morte del direttore d&#8217;orchestra.\u00a0<\/p>\n<p>\u00a0<\/p>\n<p>La definizione polmonite interstiziale (pneumopatia interstiziale) comprende un insiemei malattie polmonari che colpiscono principalmente l&#8217;interstizio polmonare, ovvero il tessuto connettivo di sostegno tra gli alveoli, i piccoli sacchi d\u2019aria dove avviene lo scambio di ossigeno, con conseguenti problemi respiratori.\u00a0<\/p>\n<p>L&#8217;aria inspirata dalla bocca o dal naso passa attraverso la trachea fino ai bronchi, che terminano negli alveoli respiratori: qui avviene lo scambio di anidride carbonica e di ossigeno. L&#8217;infiammazione provoca l&#8217;aumento del tessuto connettivo interstiziale, rendendo sempre pi\u00f9 difficoltoso lo scambio gassoso.\u00a0<\/p>\n<p>La conseguenza \u00e8 il calo dell&#8217;ossigenazione del sangue. Il corpo reagisce aumentando la frequenza degli atti respiratori. Il paziente avverte dispnea, la cosiddetta &#8216;fame d&#8217;aria&#8217;, anche a risposo. Tale sintomo \u00e8 accompagnato da tosse secca e febbre.\u00a0<\/p>\n<p>&#8212;<\/p>\n<p>spettacoli<\/p>\n<p>webinfo@adnkronos.com (Web Info)<\/p>\n<div style=\"display:flex; gap:10px;justify-content:center\" class=\"wps-pgfw-pdf-generate-icon__wrapper-frontend\">\n\t\t<a  href=\"https:\/\/ciaoup.it?action=genpdf&amp;id=25899\" class=\"pgfw-single-pdf-download-button\" ><img src=\"https:\/\/ciaoup.it\/wp-content\/plugins\/pdf-generator-for-wp\/admin\/src\/images\/PDF_Tray.svg\" title=\"Generate PDF\" style=\"width:auto; height:45px;\"><\/a>\n\t\t<\/div>","protected":false},"excerpt":{"rendered":"<p>(Adnkronos) &#8211; Beppe Vessicchio \u00e8 morto all&#8217;et\u00e0 di 69 anni per &#8220;una polmonite interstiziale precipitata&hellip;<\/p>\n","protected":false},"author":3,"featured_media":25900,"comment_status":"open","ping_status":"closed","sticky":false,"template":"","format":"standard","meta":{"footnotes":""},"categories":[12],"tags":[3],"class_list":["post-25899","post","type-post","status-publish","format-standard","has-post-thumbnail","hentry","category-comunicati","tag-ultimora"],"_links":{"self":[{"href":"https:\/\/ciaoup.it\/index.php?rest_route=\/wp\/v2\/posts\/25899","targetHints":{"allow":["GET"]}}],"collection":[{"href":"https:\/\/ciaoup.it\/index.php?rest_route=\/wp\/v2\/posts"}],"about":[{"href":"https:\/\/ciaoup.it\/index.php?rest_route=\/wp\/v2\/types\/post"}],"author":[{"embeddable":true,"href":"https:\/\/ciaoup.it\/index.php?rest_route=\/wp\/v2\/users\/3"}],"replies":[{"embeddable":true,"href":"https:\/\/ciaoup.it\/index.php?rest_route=%2Fwp%2Fv2%2Fcomments&post=25899"}],"version-history":[{"count":1,"href":"https:\/\/ciaoup.it\/index.php?rest_route=\/wp\/v2\/posts\/25899\/revisions"}],"predecessor-version":[{"id":25913,"href":"https:\/\/ciaoup.it\/index.php?rest_route=\/wp\/v2\/posts\/25899\/revisions\/25913"}],"wp:featuredmedia":[{"embeddable":true,"href":"https:\/\/ciaoup.it\/index.php?rest_route=\/wp\/v2\/media\/25900"}],"wp:attachment":[{"href":"https:\/\/ciaoup.it\/index.php?rest_route=%2Fwp%2Fv2%2Fmedia&parent=25899"}],"wp:term":[{"taxonomy":"category","embeddable":true,"href":"https:\/\/ciaoup.it\/index.php?rest_route=%2Fwp%2Fv2%2Fcategories&post=25899"},{"taxonomy":"post_tag","embeddable":true,"href":"https:\/\/ciaoup.it\/index.php?rest_route=%2Fwp%2Fv2%2Ftags&post=25899"}],"curies":[{"name":"wp","href":"https:\/\/api.w.org\/{rel}","templated":true}]}}