{"id":25886,"date":"2025-11-08T16:54:00","date_gmt":"2025-11-08T16:54:00","guid":{"rendered":"https:\/\/ciaoup.it\/?p=25886"},"modified":"2025-11-08T16:54:00","modified_gmt":"2025-11-08T16:54:00","slug":"sanita-magi-sumai-ssn-malato-e-debole-noi-specialisti-ambulatoriali-la-cura","status":"publish","type":"post","link":"https:\/\/ciaoup.it\/?p=25886","title":{"rendered":"Sanit\u00e0, Magi (Sumai): &#8220;Ssn malato e debole, noi specialisti ambulatoriali la cura&#8221;"},"content":{"rendered":"<p> (Adnkronos) &#8211; &#8220;Negli ultimi 15 anni il Ssn \u00e8 stato messo alla prova come mai prima. Il definanziamento strutturale &#8211; oltre 37 miliardi sottratti tra il 2010 e il 2019 &#8211; ha inciso non solo sui conti, ma sulla pelle viva del sistema: meno posti letto, meno personale, meno investimenti in tecnologia. In termini medici potremmo dire che il &#8216;paziente Ssn&#8217; ha sub\u00ecto una dieta forzata e sbagliata, al punto da compromettere la sua capacit\u00e0 di reagire alle infezioni. Poi \u00e8 arrivato il Covid-19 e l\u00ec Ssn, nonostante gi\u00e0 malato e debole, ha usato tutte le forze rimaste per superare l&#8217;infezione. La pandemia avrebbe dovuto rappresentare lo spartiacque, il punto di non ritorno. Invece, dopo gli applausi dai balconi, si \u00e8 tornati alla routine del sotto-finanziamento e delle promesse mancate. Non solo, oggi i cittadini usano le mani per aggredire medici e infermieri. Da qui una chiamata all&#8217;azione. Noi specialisti ambulatoriali siamo la cura di cui ha bisogno il Ssn, ma siamo anche la terapia meno costosa e la pi\u00f9 efficace di tutte quelle messe in campo negli ultimi anni e di cui il Ssn ha urgente bisogno. La specialistica ambulatoriale \u00e8 il cuore della riforma territoriale. Senza di noi le Case di comunit\u00e0 restano scatole vuote, le nuovi cattedrali nel deserto&#8221;. Lo dice all&#8217;Adnkronos Salute Antonio Magi, segretario generale Sumai-Assoprof, anticipando i temi al centro del 57esimo Congresso nazionale degli specialisti ambulatoriali Sumai-Assoprof,  &#8216;Dove finisce la teoria e inizia la cura&#8217;, dal 9 al 13 novembre al Nhow Roma Hotel (corso d&#8217;Italia 1).\u00a0<\/p>\n<p>&#8220;Siamo il cuore pulsante della sanit\u00e0 di prossimit\u00e0, anche se troppo spesso siamo considerati comprimari, secondari o addirittura, per qualcuno, una cura che sarebbe meglio eliminare &#8211; lamenta Magi &#8211; E&#8217; il momento di dire basta. Senza gli specialisti convenzionati interni nessuna riforma territoriale potr\u00e0 funzionare, con ripercussioni sempre pi\u00f9 devastanti anche sugli ospedali e sui pronto soccorso&#8221;. La &#8216;ricetta&#8217; di Magi \u00e8 &#8220;destinare risorse economiche sul personale e soprattutto sulla medicina del territorio. In particolare sulla specialistica ambulatoriale convenzionata interna, perch\u00e9 in gioco non c&#8217;\u00e8 solo la nostra professione all&#8217;interno del servizio pubblico, ma il futuro stesso del Ssn &#8211; sottolinea il segretario generale di Sumai Assoprof &#8211; Nonostante i medici continuino a ripetere che servono proteine, vitamine e terapie adeguate, i governi hanno preferito tagliare le spese, ridurre le terapie, comprimere i servizi. Invece di curare il Ssn irrobustendolo, lo si \u00e8 messo a dieta. Anzich\u00e9 rafforzarne i muscoli &#8211; cio\u00e8 il personale, la formazione, la medicina territoriale &#8211; si \u00e8 scelto di alleggerirlo nei punti vitali, illudendosi che un sistema pi\u00f9 magro fosse anche pi\u00f9 efficiente. Il risultato \u00e8 sotto gli occhi di tutti: un Ssn indebolito, anemico, con organici ridotti, risorse insufficienti e tempi d&#8217;attesa infiniti&#8221;.\u00a0<\/p>\n<p>Sulle disuguaglianze economiche e territoriali, Magi non ha dubbi: &#8220;Non sono un destino inevitabile, ma il risultato di scelte politiche e gestionali che negli anni hanno progressivamente indebolito la capacit\u00e0 del sistema di garantire uguali opportunit\u00e0 di cura a tutti i cittadini, indipendentemente dal reddito e dal luogo di residenza&#8221;. Quindi &#8220;\u00e8 necessario intervenire con politiche di riequilibrio strutturale al fine di rafforzare la medicina di prossimit\u00e0: la specialistica ambulatoriale convenzionata interna pubblica, la medicina generale e la pediatria nelle aree carenti, e investire nel personale sanitario promuovendo un accesso equo ai servizi digitali. Solo cos\u00ec sar\u00e0 possibile ridurre le diseguaglianze e riportare la salute al centro delle politiche pubbliche come diritto e non come privilegio&#8221;.\u00a0<\/p>\n<p>&#8220;La specialistica ambulatoriale non \u00e8 un dettaglio, \u00e8 il cuore della riforma territoriale. Senza di noi le Case della Comunit\u00e0 restano scatole vuote&#8221;, ripete il segretario generale Sumai-Assoprof. &#8220;Chi \u00e8 lo specialista che prende in carico il malato cronico, specie se complesso, evitandogli il ricovero? Il collega ospedaliero? Lo specialista privato? Ma se mancano anche in ospedale, gli specialisti quando lo farebbero? Nei ritagli di tempo? Ma hanno tempo?&#8221;, incalza Magi. &#8220;Senza di noi &#8211; conclude &#8211; le liste d&#8217;attesa continueranno a crescere sempre di pi\u00f9, come gli accessi al pronto soccorso o negli ospedali. Senza di noi l&#8217;integrazione tra ospedale e territorio rimane solo uno slogan. Chiediamo investimenti, strumenti e risorse, ma soprattutto riconoscimento del nostro ruolo professionale. Non vogliamo applausi, vogliamo risorse e contratti&#8221;. \u00a0<\/p>\n<p>\u00a0<\/p>\n<p>&#8220;Di questa Manovra -ha sottolineato- dico solo che per la nostra sanit\u00e0 pubblica si poteva e si doveva fare di pi\u00f9. Soprattutto per la medicina del territorio e la specialistica ambulatoriale non ci sono buone notizie&#8221;. \u00a0<\/p>\n<p>&#8220;Se non si investe sulla specialistica ambulatoriale non ci pu\u00f2 essere una adeguata e tempestiva presa in carico dei malati cronici e quindi le liste d&#8217;attesa continueranno a crescere sempre di pi\u00f9, come gli accessi al pronto soccorso o negli ospedali. Senza di noi, l&#8217;integrazione tra ospedale e territorio rimane solo uno slogan&#8221;, avverte Magi. \u00a0<\/p>\n<p>Infine sulle Case di comunit\u00e0 che dovrebbero entrare a regime entro giugno 2026, &#8220;sono dotate di wi-fi, apparecchiature nuove e sale d&#8217;attesa accoglienti. Ma il rischio \u00e8 che diventino i nuovi &#8216;non-luoghi&#8217; della sanit\u00e0 italiana: belli da vedere, difficili da abitare. Per questo, lo ripetiamo: i muri non curano, i medici s\u00ec. E senza specialistica ambulatoriale, senza personale infermieristico &#8211; conclude il segretario Sumai-Assoprof &#8211; il Pnrr rimane un acronimo, non una riforma.\u00a0<\/p>\n<p>&#8212;<\/p>\n<p>salute<\/p>\n<p>webinfo@adnkronos.com (Web Info)<\/p>\n<div style=\"display:flex; gap:10px;justify-content:center\" class=\"wps-pgfw-pdf-generate-icon__wrapper-frontend\">\n\t\t<a  href=\"https:\/\/ciaoup.it?action=genpdf&amp;id=25886\" class=\"pgfw-single-pdf-download-button\" ><img src=\"https:\/\/ciaoup.it\/wp-content\/plugins\/pdf-generator-for-wp\/admin\/src\/images\/PDF_Tray.svg\" title=\"Generate PDF\" style=\"width:auto; height:45px;\"><\/a>\n\t\t<\/div>","protected":false},"excerpt":{"rendered":"<p>(Adnkronos) &#8211; &#8220;Negli ultimi 15 anni il Ssn \u00e8 stato messo alla prova come mai&hellip;<\/p>\n","protected":false},"author":3,"featured_media":25887,"comment_status":"open","ping_status":"closed","sticky":false,"template":"","format":"standard","meta":{"footnotes":""},"categories":[12],"tags":[3],"class_list":["post-25886","post","type-post","status-publish","format-standard","has-post-thumbnail","hentry","category-comunicati","tag-ultimora"],"_links":{"self":[{"href":"https:\/\/ciaoup.it\/index.php?rest_route=\/wp\/v2\/posts\/25886","targetHints":{"allow":["GET"]}}],"collection":[{"href":"https:\/\/ciaoup.it\/index.php?rest_route=\/wp\/v2\/posts"}],"about":[{"href":"https:\/\/ciaoup.it\/index.php?rest_route=\/wp\/v2\/types\/post"}],"author":[{"embeddable":true,"href":"https:\/\/ciaoup.it\/index.php?rest_route=\/wp\/v2\/users\/3"}],"replies":[{"embeddable":true,"href":"https:\/\/ciaoup.it\/index.php?rest_route=%2Fwp%2Fv2%2Fcomments&post=25886"}],"version-history":[{"count":1,"href":"https:\/\/ciaoup.it\/index.php?rest_route=\/wp\/v2\/posts\/25886\/revisions"}],"predecessor-version":[{"id":25892,"href":"https:\/\/ciaoup.it\/index.php?rest_route=\/wp\/v2\/posts\/25886\/revisions\/25892"}],"wp:featuredmedia":[{"embeddable":true,"href":"https:\/\/ciaoup.it\/index.php?rest_route=\/wp\/v2\/media\/25887"}],"wp:attachment":[{"href":"https:\/\/ciaoup.it\/index.php?rest_route=%2Fwp%2Fv2%2Fmedia&parent=25886"}],"wp:term":[{"taxonomy":"category","embeddable":true,"href":"https:\/\/ciaoup.it\/index.php?rest_route=%2Fwp%2Fv2%2Fcategories&post=25886"},{"taxonomy":"post_tag","embeddable":true,"href":"https:\/\/ciaoup.it\/index.php?rest_route=%2Fwp%2Fv2%2Ftags&post=25886"}],"curies":[{"name":"wp","href":"https:\/\/api.w.org\/{rel}","templated":true}]}}