{"id":25851,"date":"2025-11-08T15:24:00","date_gmt":"2025-11-08T15:24:00","guid":{"rendered":"https:\/\/ciaoup.it\/?p=25851"},"modified":"2025-11-08T15:24:00","modified_gmt":"2025-11-08T15:24:00","slug":"malore-improvviso-per-branduardi-rinviato-concerto-a-roma","status":"publish","type":"post","link":"https:\/\/ciaoup.it\/?p=25851","title":{"rendered":"Malore improvviso per Branduardi, rinviato concerto a Roma"},"content":{"rendered":"<p> (Adnkronos) &#8211; Rinviato il concerto di Angelo Branduardi previsto per domani all&#8217;Auditorium Parco della Musica di Roma. La decisione \u00e8 stata presa a causa di un lieve malore che ha colpito l&#8217;artista. Il cantautore \u00e8 stato ricoverato per sottoporsi ad accertamenti clinici e l&#8217;esibizione, parte del tour &#8216;Il Cantico&#8217;, \u00e8 stata quindi posticipata.\u00a0<\/p>\n<p>La nuova data per il concerto romano \u00e8 stata gi\u00e0 fissata per il prossimo 26 dicembre, giorno di Santo Stefano, sempre all&#8217;Auditorium Parco della Musica. Resta invece confermata, al momento, la tappa successiva del tour, prevista per sabato 15 novembre al Teatro Goldoni di Venezia.\u00a0<\/p>\n<p>&#8212;<\/p>\n<p>spettacoli<\/p>\n<p>webinfo@adnkronos.com (Web Info)<\/p>\n<div style=\"display:flex; gap:10px;justify-content:center\" class=\"wps-pgfw-pdf-generate-icon__wrapper-frontend\">\n\t\t<a  href=\"https:\/\/ciaoup.it?action=genpdf&amp;id=25851\" class=\"pgfw-single-pdf-download-button\" ><img src=\"https:\/\/ciaoup.it\/wp-content\/plugins\/pdf-generator-for-wp\/admin\/src\/images\/PDF_Tray.svg\" title=\"Generate PDF\" style=\"width:auto; height:45px;\"><\/a>\n\t\t<\/div>","protected":false},"excerpt":{"rendered":"<p>(Adnkronos) &#8211; Rinviato il concerto di Angelo Branduardi previsto per domani all&#8217;Auditorium Parco della Musica&hellip;<\/p>\n","protected":false},"author":3,"featured_media":25852,"comment_status":"open","ping_status":"closed","sticky":false,"template":"","format":"standard","meta":{"footnotes":""},"categories":[12],"tags":[3],"class_list":["post-25851","post","type-post","status-publish","format-standard","has-post-thumbnail","hentry","category-comunicati","tag-ultimora"],"_links":{"self":[{"href":"https:\/\/ciaoup.it\/index.php?rest_route=\/wp\/v2\/posts\/25851","targetHints":{"allow":["GET"]}}],"collection":[{"href":"https:\/\/ciaoup.it\/index.php?rest_route=\/wp\/v2\/posts"}],"about":[{"href":"https:\/\/ciaoup.it\/index.php?rest_route=\/wp\/v2\/types\/post"}],"author":[{"embeddable":true,"href":"https:\/\/ciaoup.it\/index.php?rest_route=\/wp\/v2\/users\/3"}],"replies":[{"embeddable":true,"href":"https:\/\/ciaoup.it\/index.php?rest_route=%2Fwp%2Fv2%2Fcomments&post=25851"}],"version-history":[{"count":1,"href":"https:\/\/ciaoup.it\/index.php?rest_route=\/wp\/v2\/posts\/25851\/revisions"}],"predecessor-version":[{"id":25856,"href":"https:\/\/ciaoup.it\/index.php?rest_route=\/wp\/v2\/posts\/25851\/revisions\/25856"}],"wp:featuredmedia":[{"embeddable":true,"href":"https:\/\/ciaoup.it\/index.php?rest_route=\/wp\/v2\/media\/25852"}],"wp:attachment":[{"href":"https:\/\/ciaoup.it\/index.php?rest_route=%2Fwp%2Fv2%2Fmedia&parent=25851"}],"wp:term":[{"taxonomy":"category","embeddable":true,"href":"https:\/\/ciaoup.it\/index.php?rest_route=%2Fwp%2Fv2%2Fcategories&post=25851"},{"taxonomy":"post_tag","embeddable":true,"href":"https:\/\/ciaoup.it\/index.php?rest_route=%2Fwp%2Fv2%2Ftags&post=25851"}],"curies":[{"name":"wp","href":"https:\/\/api.w.org\/{rel}","templated":true}]}}