{"id":25842,"date":"2025-11-08T14:40:40","date_gmt":"2025-11-08T14:40:40","guid":{"rendered":"https:\/\/ciaoup.it\/?p=25842"},"modified":"2025-11-08T14:40:40","modified_gmt":"2025-11-08T14:40:40","slug":"calenda-e-il-tatuaggio-per-lucraina-la-foto-su-x","status":"publish","type":"post","link":"https:\/\/ciaoup.it\/?p=25842","title":{"rendered":"Calenda e il tatuaggio per l&#8217;Ucraina, la foto su X"},"content":{"rendered":"<p> (Adnkronos) &#8211; Carlo Calenda e il tatuaggio per l&#8217;Ucraina. Il senatore, leader di Azione, sul profilo X pubblica la foto del tatuaggio realizzato sul polso. La foto mostra il &#8216;tridente&#8217;, emblema di Stato dell&#8217;Ucraina. &#8220;E mo\u2019 ce lo siamo tatuati per la vita&#8221;, scrive Calenda, che al messaggio abbina l&#8217;hashtag &#8216;slava ukraini&#8217;, &#8216;Gloria all&#8217;Ucraina&#8217;, il motto sempre pi\u00f9 diffuso dal 2022, da quando l&#8217;Ucraina combatte la guerra contro la Russia.\u00a0<\/p>\n<p>Il tridente &#8211; il tryzub &#8211; \u00e8 diventato il simbolo del paese nel 1992. Sull&#8217;origine del simbolo e sul suo significato non esiste un&#8217;unica versione. In passato il tridente \u00e8 stato anche associato all&#8217;immagine stilizzata di un falco o a quella di un&#8217;ancora a forma di croce.\u00a0<\/p>\n<p>Calenda, dall&#8217;inizio del conflitto, ha mantenuto una linea convintamente a sostegno di Kiev e si \u00e8 pi\u00f9 volte recato in Ucraina. Recentemente, il senatore \u00e8 stato protagonista di un acceso confronto con l&#8217;economista Jeffrey Sachs in una puntata di Piazzapulita. Calenda ha contrastato le affermazioni di Sachs: &#8220;Lei fa propaganda putiniana&#8221;, ha detto il senatore. Le clip dello scontro, con Sachs ammutolito, sono rimbalzate su X e hanno avuto un&#8217;eco vastissima. A Calenda sono arrivati elogi e ringraziamenti anche da figure istituzionali ucraine.\u00a0<\/p>\n<p>&#8212;<\/p>\n<p>politica<\/p>\n<p>webinfo@adnkronos.com (Web Info)<\/p>\n<div style=\"display:flex; gap:10px;justify-content:center\" class=\"wps-pgfw-pdf-generate-icon__wrapper-frontend\">\n\t\t<a  href=\"https:\/\/ciaoup.it?action=genpdf&amp;id=25842\" class=\"pgfw-single-pdf-download-button\" ><img src=\"https:\/\/ciaoup.it\/wp-content\/plugins\/pdf-generator-for-wp\/admin\/src\/images\/PDF_Tray.svg\" title=\"Generate PDF\" style=\"width:auto; height:45px;\"><\/a>\n\t\t<\/div>","protected":false},"excerpt":{"rendered":"<p>(Adnkronos) &#8211; Carlo Calenda e il tatuaggio per l&#8217;Ucraina. Il senatore, leader di Azione, sul&hellip;<\/p>\n","protected":false},"author":3,"featured_media":25843,"comment_status":"open","ping_status":"closed","sticky":false,"template":"","format":"standard","meta":{"footnotes":""},"categories":[12],"tags":[3],"class_list":["post-25842","post","type-post","status-publish","format-standard","has-post-thumbnail","hentry","category-comunicati","tag-ultimora"],"_links":{"self":[{"href":"https:\/\/ciaoup.it\/index.php?rest_route=\/wp\/v2\/posts\/25842","targetHints":{"allow":["GET"]}}],"collection":[{"href":"https:\/\/ciaoup.it\/index.php?rest_route=\/wp\/v2\/posts"}],"about":[{"href":"https:\/\/ciaoup.it\/index.php?rest_route=\/wp\/v2\/types\/post"}],"author":[{"embeddable":true,"href":"https:\/\/ciaoup.it\/index.php?rest_route=\/wp\/v2\/users\/3"}],"replies":[{"embeddable":true,"href":"https:\/\/ciaoup.it\/index.php?rest_route=%2Fwp%2Fv2%2Fcomments&post=25842"}],"version-history":[{"count":1,"href":"https:\/\/ciaoup.it\/index.php?rest_route=\/wp\/v2\/posts\/25842\/revisions"}],"predecessor-version":[{"id":25844,"href":"https:\/\/ciaoup.it\/index.php?rest_route=\/wp\/v2\/posts\/25842\/revisions\/25844"}],"wp:featuredmedia":[{"embeddable":true,"href":"https:\/\/ciaoup.it\/index.php?rest_route=\/wp\/v2\/media\/25843"}],"wp:attachment":[{"href":"https:\/\/ciaoup.it\/index.php?rest_route=%2Fwp%2Fv2%2Fmedia&parent=25842"}],"wp:term":[{"taxonomy":"category","embeddable":true,"href":"https:\/\/ciaoup.it\/index.php?rest_route=%2Fwp%2Fv2%2Fcategories&post=25842"},{"taxonomy":"post_tag","embeddable":true,"href":"https:\/\/ciaoup.it\/index.php?rest_route=%2Fwp%2Fv2%2Ftags&post=25842"}],"curies":[{"name":"wp","href":"https:\/\/api.w.org\/{rel}","templated":true}]}}