{"id":25826,"date":"2025-11-08T13:47:33","date_gmt":"2025-11-08T13:47:33","guid":{"rendered":"https:\/\/ciaoup.it\/?p=25826"},"modified":"2025-11-08T13:47:33","modified_gmt":"2025-11-08T13:47:33","slug":"schianto-sulla22-morta-36enne-incinta-al-nono-mese","status":"publish","type":"post","link":"https:\/\/ciaoup.it\/?p=25826","title":{"rendered":"Schianto sull&#8217;A22, morta 36enne incinta al nono mese"},"content":{"rendered":"<p> (Adnkronos) &#8211; Si \u00e8 schiantata con la sua Audi contro il tir che la precedeva in A22, finendo sotto il bilico. E&#8217; morta cos\u00ec Stefania Palmieri, 36enne modenese, incinta al nono mese. A quanto riporta il Resto del Carlino, il bimbo sarebbe dovuto nascere a giorni. Lo schianto si \u00e8 verificato tra i caselli di Mantova Nord e Nogarole Rocca, in direzione Brennero. Sul posto anche vigili del fuoco e polizia stradale del compartimento di Verona, che ora si sta occupando degli accertamenti per ricostruire la dinamica. \u00a0<\/p>\n<p>Chi era Stefania Palmieri\u00a0<\/p>\n<p>La 36enne, che lavorava a Dolo per una ditta di abbigliamento di Milano, a Modena, insieme alla famiglia, gestiva alcune propriet\u00e0. La 36enne era figlia di un medico e anche il fratello e la sorella lavorano nel mondo della sanit\u00e0. I funerali sono previsti per luned\u00ec.\u00a0<\/p>\n<p>Il cordoglio del sindaco di Modena Massimo Mezzetti\u00a0<\/p>\n<p>&#8220;La morte in un incidente stradale di Stefania Palmieri, nostra concittadina 36enne al nono mese di gravidanza, \u00e8 una notizia terribile&#8221; dice il sindaco di Modena Massimo Mezzetti su Facebook. &#8220;Di fronte a una perdita cos\u00ec grande, ogni parola sembra insufficiente. A nome dell&#8217;Amministrazione comunale e dell&#8217;intera comunit\u00e0 di Modena, esprimo il mio pi\u00f9 sincero cordoglio e la massima vicinanza alla famiglia, al suo compagno e agli amici in questo momento di dolore inconsolabile. Riposa in pace Stefania, insieme al bambino che presto avresti dato alla luce&#8221;. \u00a0<\/p>\n<p>&#8212;<\/p>\n<p>cronaca<\/p>\n<p>webinfo@adnkronos.com (Web Info)<\/p>\n<div style=\"display:flex; gap:10px;justify-content:center\" class=\"wps-pgfw-pdf-generate-icon__wrapper-frontend\">\n\t\t<a  href=\"https:\/\/ciaoup.it?action=genpdf&amp;id=25826\" class=\"pgfw-single-pdf-download-button\" ><img src=\"https:\/\/ciaoup.it\/wp-content\/plugins\/pdf-generator-for-wp\/admin\/src\/images\/PDF_Tray.svg\" title=\"Generate PDF\" style=\"width:auto; height:45px;\"><\/a>\n\t\t<\/div>","protected":false},"excerpt":{"rendered":"<p>(Adnkronos) &#8211; Si \u00e8 schiantata con la sua Audi contro il tir che la precedeva&hellip;<\/p>\n","protected":false},"author":3,"featured_media":25827,"comment_status":"open","ping_status":"closed","sticky":false,"template":"","format":"standard","meta":{"footnotes":""},"categories":[12],"tags":[3],"class_list":["post-25826","post","type-post","status-publish","format-standard","has-post-thumbnail","hentry","category-comunicati","tag-ultimora"],"_links":{"self":[{"href":"https:\/\/ciaoup.it\/index.php?rest_route=\/wp\/v2\/posts\/25826","targetHints":{"allow":["GET"]}}],"collection":[{"href":"https:\/\/ciaoup.it\/index.php?rest_route=\/wp\/v2\/posts"}],"about":[{"href":"https:\/\/ciaoup.it\/index.php?rest_route=\/wp\/v2\/types\/post"}],"author":[{"embeddable":true,"href":"https:\/\/ciaoup.it\/index.php?rest_route=\/wp\/v2\/users\/3"}],"replies":[{"embeddable":true,"href":"https:\/\/ciaoup.it\/index.php?rest_route=%2Fwp%2Fv2%2Fcomments&post=25826"}],"version-history":[{"count":1,"href":"https:\/\/ciaoup.it\/index.php?rest_route=\/wp\/v2\/posts\/25826\/revisions"}],"predecessor-version":[{"id":25840,"href":"https:\/\/ciaoup.it\/index.php?rest_route=\/wp\/v2\/posts\/25826\/revisions\/25840"}],"wp:featuredmedia":[{"embeddable":true,"href":"https:\/\/ciaoup.it\/index.php?rest_route=\/wp\/v2\/media\/25827"}],"wp:attachment":[{"href":"https:\/\/ciaoup.it\/index.php?rest_route=%2Fwp%2Fv2%2Fmedia&parent=25826"}],"wp:term":[{"taxonomy":"category","embeddable":true,"href":"https:\/\/ciaoup.it\/index.php?rest_route=%2Fwp%2Fv2%2Fcategories&post=25826"},{"taxonomy":"post_tag","embeddable":true,"href":"https:\/\/ciaoup.it\/index.php?rest_route=%2Fwp%2Fv2%2Ftags&post=25826"}],"curies":[{"name":"wp","href":"https:\/\/api.w.org\/{rel}","templated":true}]}}