{"id":25821,"date":"2025-11-08T12:56:00","date_gmt":"2025-11-08T12:56:00","guid":{"rendered":"https:\/\/ciaoup.it\/?p=25821"},"modified":"2025-11-08T12:56:00","modified_gmt":"2025-11-08T12:56:00","slug":"veneto-zaia-lancia-la-sua-campagna-elettorale-social-con-un-leoncino-creato-dallai","status":"publish","type":"post","link":"https:\/\/ciaoup.it\/?p=25821","title":{"rendered":"Veneto, Zaia lancia la sua campagna elettorale social con un leoncino creato dall&#8217;AI"},"content":{"rendered":"<p> (Adnkronos) &#8211; \u00c8 partita oggi alle ore 12 esatte, con la pubblicazione sui canali social ufficiali del presidente veneto, la campagna \u201cDopo Zaia scrivi Zaia\u201d realizzata per le elezioni regionali del 23 e 24 novembre prossimi. A guidare il racconto sar\u00e0 Leoncino, mascotte creata con l\u2019intelligenza artificiale, che accompagner\u00e0 Luca Zaia in sette puntate, una per ogni provincia del Veneto. La prima, pubblicata oggi, \u00e8 dedicata a Venezia. Ogni due giorni verr\u00e0 pubblicata una nuova puntata.  \u00a0<\/p>\n<p>\u00a0<\/p>\n<p>\u00a0<\/p>\n<p>\u201cCon questa campagna parlo ai veneti dal cuore &#8211; afferma Zaia in una nota -. \u00c8 un viaggio fatto di emozioni, bellezza, identit\u00e0. Dopo Zaia? Scrivi ancora Zaia: perch\u00e9 questa storia non finisce qui. C\u2019\u00e8 ancora tanto da fare, da difendere, da costruire insieme, passo dopo passo, provincia dopo provincia\u201d.  \u00a0<\/p>\n<p>&#8212;<\/p>\n<p>politica<\/p>\n<p>webinfo@adnkronos.com (Web Info)<\/p>\n<div style=\"display:flex; gap:10px;justify-content:center\" class=\"wps-pgfw-pdf-generate-icon__wrapper-frontend\">\n\t\t<a  href=\"https:\/\/ciaoup.it?action=genpdf&amp;id=25821\" class=\"pgfw-single-pdf-download-button\" ><img src=\"https:\/\/ciaoup.it\/wp-content\/plugins\/pdf-generator-for-wp\/admin\/src\/images\/PDF_Tray.svg\" title=\"Generate PDF\" style=\"width:auto; height:45px;\"><\/a>\n\t\t<\/div>","protected":false},"excerpt":{"rendered":"<p>(Adnkronos) &#8211; \u00c8 partita oggi alle ore 12 esatte, con la pubblicazione sui canali social&hellip;<\/p>\n","protected":false},"author":3,"featured_media":25822,"comment_status":"open","ping_status":"closed","sticky":false,"template":"","format":"standard","meta":{"footnotes":""},"categories":[12],"tags":[3],"class_list":["post-25821","post","type-post","status-publish","format-standard","has-post-thumbnail","hentry","category-comunicati","tag-ultimora"],"_links":{"self":[{"href":"https:\/\/ciaoup.it\/index.php?rest_route=\/wp\/v2\/posts\/25821","targetHints":{"allow":["GET"]}}],"collection":[{"href":"https:\/\/ciaoup.it\/index.php?rest_route=\/wp\/v2\/posts"}],"about":[{"href":"https:\/\/ciaoup.it\/index.php?rest_route=\/wp\/v2\/types\/post"}],"author":[{"embeddable":true,"href":"https:\/\/ciaoup.it\/index.php?rest_route=\/wp\/v2\/users\/3"}],"replies":[{"embeddable":true,"href":"https:\/\/ciaoup.it\/index.php?rest_route=%2Fwp%2Fv2%2Fcomments&post=25821"}],"version-history":[{"count":1,"href":"https:\/\/ciaoup.it\/index.php?rest_route=\/wp\/v2\/posts\/25821\/revisions"}],"predecessor-version":[{"id":25832,"href":"https:\/\/ciaoup.it\/index.php?rest_route=\/wp\/v2\/posts\/25821\/revisions\/25832"}],"wp:featuredmedia":[{"embeddable":true,"href":"https:\/\/ciaoup.it\/index.php?rest_route=\/wp\/v2\/media\/25822"}],"wp:attachment":[{"href":"https:\/\/ciaoup.it\/index.php?rest_route=%2Fwp%2Fv2%2Fmedia&parent=25821"}],"wp:term":[{"taxonomy":"category","embeddable":true,"href":"https:\/\/ciaoup.it\/index.php?rest_route=%2Fwp%2Fv2%2Fcategories&post=25821"},{"taxonomy":"post_tag","embeddable":true,"href":"https:\/\/ciaoup.it\/index.php?rest_route=%2Fwp%2Fv2%2Ftags&post=25821"}],"curies":[{"name":"wp","href":"https:\/\/api.w.org\/{rel}","templated":true}]}}