{"id":25806,"date":"2025-11-08T12:34:11","date_gmt":"2025-11-08T12:34:11","guid":{"rendered":"https:\/\/ciaoup.it\/?p=25806"},"modified":"2025-11-08T12:34:11","modified_gmt":"2025-11-08T12:34:11","slug":"pamela-noutcho-sawa-campionessa-mondiale-dei-pesi-leggeri-chi-e-linfermiera-che-ha-riportato-la-boxe-italiana-in-cima-al-mondo","status":"publish","type":"post","link":"https:\/\/ciaoup.it\/?p=25806","title":{"rendered":"Pamela Noutcho Sawa campionessa mondiale dei pesi leggeri. Chi \u00e8 l&#8217;infermiera che ha riportato la boxe italiana in cima al mondo"},"content":{"rendered":"<p> (Adnkronos) &#8211; \u00c8 una notte che rester\u00e0 nella storia dello sport bolognese: Pamela Malvina Noutcho Sawa \u00e8 la nuova campionessa mondiale Ibo dei pesi leggeri. Davanti a circa duemila spettatori entusiasti, il PalaDozza si \u00e8 trasformato nel teatro di un\u2019impresa memorabile: per la prima volta Bologna ha ospitato un match valido per una cintura iridata di boxe, e a trionfare al centro del ring \u00e8 stata proprio la sua beniamina, battendo ai punti la pi\u00f9 esperta Karen Elizabeth Carabajal.\u00a0<\/p>\n<p>La 33enne atleta della A.S.D. Bolognina Boxe corona cos\u00ec un percorso di crescita inarrestabile, iniziato due anni fa con la conquista del titolo italiano professionisti, proseguito con due cinture europee, fino al sogno mondiale IBO. Determinazione che Pamela dimostra ogni giorno non solo in palestra, ma anche nel suo lavoro da infermiera all\u2019Ospedale Maggiore di Bologna, dove continua a prestare servizio con la stessa dedizione che la contraddistingue sul ring.\u00a0<\/p>\n<p>Nella \u201cnotte magica\u201d del Madison di Piazza Azzarita, Pamela ha superato la temibile Karen Elisabeth Carabajal, atleta argentina dal curriculum pi\u00f9 ricco e gi\u00e0 protagonista di due match titolati mondiali. Ma la fame di riscatto della sfidante non \u00e8 bastata di fronte alla forza, alla lucidit\u00e0 e al cuore dell\u2019atleta bolognese, che porta cos\u00ec il suo record a 10 vittorie su 10 incontri disputati, confermandosi una delle migliori pugili mondiali in assoluto.\u00a0<\/p>\n<p>Con questa vittoria, la Bolognina Boxe e l\u2019intera citt\u00e0 di Bologna celebrano una campionessa capace di incarnare i valori pi\u00f9 autentici dello sport: impegno, umilt\u00e0 e perseveranza. Raggiante in conferenza stampa, Pamela ha voluto dedicare la vittoria a chi lotta ogni giorno per la propria dignit\u00e0, riflettendo lo spirito del motto della ASD Bolognina Boxe \u2013 \u201cGente che lotta dentro e fuori dal ring\u201d: \u201cDedico questa vittoria a tutte le persone che non riescono a vivere con dignit\u00e0, in particolare a chi sta subendo gli effetti della guerra e della crisi economica, dalla Palestina al Sudan, all\u2019Ucraina e a tutti i conflitti che in questo momento stanno infiammando il pianeta. \u00c8 stato un match duro, contro un\u2019avversaria di grandissimo spessore e della quale nutrivo tanto rispetto \u2013 e dopo essermici confrontata, ne nutro ancora di pi\u00f9. Come mi sento a essere sul tetto del mondo? Ho paura di svegliarmi domani mattina e rendermi conto di essermi sognata tutto&#8221;.\u00a0<\/p>\n<p>&#8212;<\/p>\n<p>sport<\/p>\n<p>webinfo@adnkronos.com (Web Info)<\/p>\n<div style=\"display:flex; gap:10px;justify-content:center\" class=\"wps-pgfw-pdf-generate-icon__wrapper-frontend\">\n\t\t<a  href=\"https:\/\/ciaoup.it?action=genpdf&amp;id=25806\" class=\"pgfw-single-pdf-download-button\" ><img src=\"https:\/\/ciaoup.it\/wp-content\/plugins\/pdf-generator-for-wp\/admin\/src\/images\/PDF_Tray.svg\" title=\"Generate PDF\" style=\"width:auto; height:45px;\"><\/a>\n\t\t<\/div>","protected":false},"excerpt":{"rendered":"<p>(Adnkronos) &#8211; \u00c8 una notte che rester\u00e0 nella storia dello sport bolognese: Pamela Malvina Noutcho&hellip;<\/p>\n","protected":false},"author":3,"featured_media":25807,"comment_status":"open","ping_status":"closed","sticky":false,"template":"","format":"standard","meta":{"footnotes":""},"categories":[12],"tags":[3],"class_list":["post-25806","post","type-post","status-publish","format-standard","has-post-thumbnail","hentry","category-comunicati","tag-ultimora"],"_links":{"self":[{"href":"https:\/\/ciaoup.it\/index.php?rest_route=\/wp\/v2\/posts\/25806","targetHints":{"allow":["GET"]}}],"collection":[{"href":"https:\/\/ciaoup.it\/index.php?rest_route=\/wp\/v2\/posts"}],"about":[{"href":"https:\/\/ciaoup.it\/index.php?rest_route=\/wp\/v2\/types\/post"}],"author":[{"embeddable":true,"href":"https:\/\/ciaoup.it\/index.php?rest_route=\/wp\/v2\/users\/3"}],"replies":[{"embeddable":true,"href":"https:\/\/ciaoup.it\/index.php?rest_route=%2Fwp%2Fv2%2Fcomments&post=25806"}],"version-history":[{"count":1,"href":"https:\/\/ciaoup.it\/index.php?rest_route=\/wp\/v2\/posts\/25806\/revisions"}],"predecessor-version":[{"id":25824,"href":"https:\/\/ciaoup.it\/index.php?rest_route=\/wp\/v2\/posts\/25806\/revisions\/25824"}],"wp:featuredmedia":[{"embeddable":true,"href":"https:\/\/ciaoup.it\/index.php?rest_route=\/wp\/v2\/media\/25807"}],"wp:attachment":[{"href":"https:\/\/ciaoup.it\/index.php?rest_route=%2Fwp%2Fv2%2Fmedia&parent=25806"}],"wp:term":[{"taxonomy":"category","embeddable":true,"href":"https:\/\/ciaoup.it\/index.php?rest_route=%2Fwp%2Fv2%2Fcategories&post=25806"},{"taxonomy":"post_tag","embeddable":true,"href":"https:\/\/ciaoup.it\/index.php?rest_route=%2Fwp%2Fv2%2Ftags&post=25806"}],"curies":[{"name":"wp","href":"https:\/\/api.w.org\/{rel}","templated":true}]}}