{"id":25352,"date":"2025-11-07T06:49:04","date_gmt":"2025-11-07T06:49:04","guid":{"rendered":"https:\/\/ciaoup.it\/?p=25352"},"modified":"2025-11-07T06:49:04","modified_gmt":"2025-11-07T06:49:04","slug":"motogp-oggi-prove-libere-e-pre-qualifiche-orari-e-dove-vederle-in-tv","status":"publish","type":"post","link":"https:\/\/ciaoup.it\/?p=25352","title":{"rendered":"MotoGp, oggi prove libere e pre-qualifiche: orari e dove vederle in tv"},"content":{"rendered":"<p> (Adnkronos) &#8211; La MotoGp torna in pista. Il Motomondiale va di scena in Portogallo con il penultimo appuntamento dell&#8217;anno: oggi, venerd\u00ec 7 novembre, &#8211; in diretta tv e streaming &#8211; si corrono a Portimao le prove libere e le pre-qualifiche. Si riparte dal successo della Ducati Gresini di Alex Marquez in Malesia, con il secondo posto della KTM DI Pedro Acosta e il terzo della Honda di Joan Mir.\u00a0<\/p>\n<p>\u00a0<\/p>\n<p>Le prove libere e le pre-qualifiche del Gran Premio del Portogallo sono in programma oggi, venerd\u00ec 7 novembre. La prima sessione di prove libere andr\u00e0 in scena alle 11.40, mentre per le pre-qualifiche bisogner\u00e0 aspettare le 15.55.\u00a0<\/p>\n<p>\u00a0<\/p>\n<p>\u00a0<\/p>\n<p>Le prove libere e le pre-qualifiche del Gp del Portogallo saranno trasmesse in diretta televisiva e in esclusiva sui canali SkySport. Si potranno seguire inoltre in streaming sull&#8217;app SkyGo e su NOW.\u00a0<\/p>\n<p>\u00a0<\/p>\n<p>&#8212;<\/p>\n<p>sport<\/p>\n<p>webinfo@adnkronos.com (Web Info)<\/p>\n<div style=\"display:flex; gap:10px;justify-content:center\" class=\"wps-pgfw-pdf-generate-icon__wrapper-frontend\">\n\t\t<a  href=\"https:\/\/ciaoup.it?action=genpdf&amp;id=25352\" class=\"pgfw-single-pdf-download-button\" ><img src=\"https:\/\/ciaoup.it\/wp-content\/plugins\/pdf-generator-for-wp\/admin\/src\/images\/PDF_Tray.svg\" title=\"Generate PDF\" style=\"width:auto; height:45px;\"><\/a>\n\t\t<\/div>","protected":false},"excerpt":{"rendered":"<p>(Adnkronos) &#8211; La MotoGp torna in pista. Il Motomondiale va di scena in Portogallo con&hellip;<\/p>\n","protected":false},"author":3,"featured_media":25353,"comment_status":"open","ping_status":"closed","sticky":false,"template":"","format":"standard","meta":{"footnotes":""},"categories":[12],"tags":[3],"class_list":["post-25352","post","type-post","status-publish","format-standard","has-post-thumbnail","hentry","category-comunicati","tag-ultimora"],"_links":{"self":[{"href":"https:\/\/ciaoup.it\/index.php?rest_route=\/wp\/v2\/posts\/25352","targetHints":{"allow":["GET"]}}],"collection":[{"href":"https:\/\/ciaoup.it\/index.php?rest_route=\/wp\/v2\/posts"}],"about":[{"href":"https:\/\/ciaoup.it\/index.php?rest_route=\/wp\/v2\/types\/post"}],"author":[{"embeddable":true,"href":"https:\/\/ciaoup.it\/index.php?rest_route=\/wp\/v2\/users\/3"}],"replies":[{"embeddable":true,"href":"https:\/\/ciaoup.it\/index.php?rest_route=%2Fwp%2Fv2%2Fcomments&post=25352"}],"version-history":[{"count":1,"href":"https:\/\/ciaoup.it\/index.php?rest_route=\/wp\/v2\/posts\/25352\/revisions"}],"predecessor-version":[{"id":25366,"href":"https:\/\/ciaoup.it\/index.php?rest_route=\/wp\/v2\/posts\/25352\/revisions\/25366"}],"wp:featuredmedia":[{"embeddable":true,"href":"https:\/\/ciaoup.it\/index.php?rest_route=\/wp\/v2\/media\/25353"}],"wp:attachment":[{"href":"https:\/\/ciaoup.it\/index.php?rest_route=%2Fwp%2Fv2%2Fmedia&parent=25352"}],"wp:term":[{"taxonomy":"category","embeddable":true,"href":"https:\/\/ciaoup.it\/index.php?rest_route=%2Fwp%2Fv2%2Fcategories&post=25352"},{"taxonomy":"post_tag","embeddable":true,"href":"https:\/\/ciaoup.it\/index.php?rest_route=%2Fwp%2Fv2%2Ftags&post=25352"}],"curies":[{"name":"wp","href":"https:\/\/api.w.org\/{rel}","templated":true}]}}