{"id":25309,"date":"2025-11-06T19:52:35","date_gmt":"2025-11-06T19:52:35","guid":{"rendered":"https:\/\/ciaoup.it\/?p=25309"},"modified":"2025-11-06T19:52:35","modified_gmt":"2025-11-06T19:52:35","slug":"bellezza-in-movimento-svelata-a-verona-la-cerimonia-di-chiusura-di-milano-cortina-2026","status":"publish","type":"post","link":"https:\/\/ciaoup.it\/?p=25309","title":{"rendered":"&#8220;Bellezza in movimento&#8221;, svelata a Verona la cerimonia di chiusura di Milano Cortina 2026"},"content":{"rendered":"<p> (Adnkronos) &#8211; \u201c<br \/>\nBeauty in Action<br \/>\n\u201d. Tradotto, &#8220;bellezza in movimento&#8221;. Eccolo il titolo della Cerimonia di chiusura dei Giochi Olimpici Invernali di Milano Cortina 2026, del prossimo 22 febbraio  all\u2019Arena di Verona. Al Teatro Filarmonico, fiore all&#8217;occhiello della citt\u00e0 veneta, \u00e8 stato oggi presentato al mondo il tema creativo dell\u2019evento di chiusura delle  Olimpiadi Invernali. Annunciando, anche, il primo talento coinvolto nello spettacolo. Sar\u00e0 l\u2019\u00e9toile<br \/>\nRoberto Bolle. Un nome internazionale per dar lustro, ancora di pi\u00f9, allo spettacolo dei Giochi italiani. \u00a0<\/p>\n<p>Qualche coordinata verso il grande evento. Per la prima volta nella storia dei Giochi, una cerimonia olimpica si svolger\u00e0 all\u2019interno di un monumento storico patrimonio dell\u2019umanit\u00e0, trasformando il celebre anfiteatro veronese in un palcoscenico senza confini. Per una giornata da favola. Una scelta simbolica, quella dell&#8217;Arena di Verona, che lascer\u00e0 un\u2019eredit\u00e0 di straordinario valore per il futuro della citt\u00e0. Hanno preso parte all&#8217;evento il   vicepremier e Ministro delle Infrastrutture e dei Trasporti Matteo Salvini, il ministro dell\u2019Agricoltura, della Sovranit\u00e0 Alimentare e delle Foreste Francesco Lollobrigida, il Sottosegretario di Stato alla Cultura Gianmarco Mazzi, il presidente della Regione Veneto Luca Zaia, il sindaco di Verona Damiano Tommasi e la Sovrintendente Fondazione Arena di Verona Cecilia Gasdia. Hanno raccontato la cerimonia di chiusura e ci\u00f2 che avverr\u00e0 all\u2019Arena di Verona, per Fondazione Milano Cortina 2026, il presidente Giovanni Malag\u00f2, il Ceo Andrea Varnier e la direttrice cerimonie Maria Laura Iascone, assieme ad Alfredo Accatino, Presidente Filmmaster. \u00a0<\/p>\n<p> \u201cBeauty in Action\u201d, il titolo scelto per la Cerimonia di chiusura, \u00e8 un tributo alla bellezza in movimento. In tutte le sue forme. Vive nello sport, si riflette nell\u2019arte, si nutre delle relazioni umane e si manifesta nei luoghi che fanno da cornice ai Giochi, celebrandone la forte connessione tra montagna e pianura, tra natura e citt\u00e0. Il 22 febbraio andr\u00e0 in scena un racconto tra sogno e realt\u00e0, che intreccia tradizione e innovazione. Fusione di lirica, musica, danza, cinema, design e tecnologia, lo spettacolo si ispirer\u00e0 alla ricchezza culturale e artistica dell\u2019Italia, espressione del suo potente equilibrio tra classicismo e contemporaneit\u00e0, e alla capacit\u00e0 creativa degli italiani di trasformare l\u2019estetica in emozione.\u00a0<\/p>\n<p>La cerimonia coinvolger\u00e0 grandi talenti italiani, in scena e dietro le quinte. Come l\u2019\u00e9toile Roberto Bolle, il primo nome annunciato da Fondazione Milano Cortina 2026. Simbolo di eleganza, energia e dedizione, la stella della danza internazionale porter\u00e0 sul palco la sua straordinaria sensibilit\u00e0 e maestria. A lavorare alla cerimonia di chiusura di Milano Cortina 2026 sar\u00e0 la squadra di creativi guidata da Alfredo Accatino, Presidente di Filmmaster e firma di alcune tra le pi\u00f9 importanti produzioni internazionali nel mondo degli eventi.\u00a0<\/p>\n<p> Durante la conferenza \u00e8 stato svelato anche il render ufficiale del palcoscenico che ospiter\u00e0 l&#8217;evento. La scenografia prender\u00e0 ispirazione da una goccia d\u2019acqua, simbolo di un ciclo naturale in continuo movimento che unisce montagna, pianura, citt\u00e0, laguna, mare e cielo. L\u2019omaggio all\u2019acqua, che nella sua forma solida \u00e8 indispensabile per gli sport invernali, guider\u00e0 l\u2019ideazione dello spazio scenico, introducendo un assetto  nuovo per l\u2019Arena. Non pi\u00f9 un palco e una platea nettamente separati, ma una grande piazza italiana al centro della scena, viva e mutevole, in grado di ospitare movimenti, superfici luminose, coreografie e trasformazioni scenografiche. Gli atleti, veri protagonisti di sfide, sogni e imprese indimenticabili, saranno al centro di una grande festa condivisa. Un omaggio al loro coraggio, alla fatica, all\u2019orgoglio di superare i  limiti. \u00a0<\/p>\n<p>Un altro appunto. La cerimonia di chiusura delle Olimpiadi Invernali di Milano Cortina 2026 si estender\u00e0 oltre i confini dell\u2019Arena, coinvolgendo anche Piazza Bra e il Teatro Filarmonico, dove si esibiranno il coro e l\u2019orchestra della Fondazione Arena di Verona, accompagnando il pubblico fino all\u2019ultimo istante dei Giochi Olimpici. \u201cVenivamo da quella disastrosa presa di posizione dell\u2019amministrazione comunale di Roma e questa opportunit\u00e0 di Milano Cortina \u00e8 stata costruita momento dopo momento. Abbiamo vinto di corto muso con la Svezia, anche perch\u00e9 c\u2019\u00e8 stata l\u2019idea di inserire Verona nella candidatura italiana\u201d ha spiegato con orgoglio il presidente di Fondazione Milano Cortina 2026 Giovanni Malag\u00f2. &#8220;San Siro avrebbe consentito qualche guadagno in pi\u00f9, ma l\u2019appeal che abbiamo acquisito con Verona, che ospiter\u00e0 anche la cerimonia di apertura paralimpica, \u00e8 incredibile&#8221;. \u00a0<\/p>\n<p>&#8220;C&#8217;\u00e8 tanta emozione e pure un po&#8217; di tensione, se tutto va bene \u00e8 merito di tutti. Se ruberanno una bici fuori dall&#8217;Arena, sar\u00e0 colpa di qualcuno. Lasceremo per\u00f2 un\u2019eredit\u00e0 importante\u201d ha aggiunto sul palco il vicepremier e ministro delle Infrastrutture e dei Trasporti Matteo Salvini. \u201cVerona sar\u00e0 la capitale mondiale dell&#8217;inclusione. Quella seria, non quella da talk show. Ed \u00e8 una cosa che mi rende orgoglioso&#8221;.\u00a0<\/p>\n<p>L&#8217;importanza di Verona nel percorso di organizzazione delle prossime Olimpiadi invernali \u00e8 stata sottolineata dal presidente della Regione Veneto Luca Zaia: \u201cQuesta non \u00e8 una citt\u00e0 del ghiaccio o degli sport invernali, ma non siamo qui per caso. Ho voluto portare avanti la candidatura di quest\u2019area dolomitica e in quel momento, anni fa, \u00e8 nata una cavalcata trionfale&#8221;. Non \u00e8 stata per\u00f2 una passeggiata. &#8220;L\u2019idea di fare la cerimonia di chiusura a Verona nasce nell\u2019accordo, unico a suo modo, di Milano Cortina &#8211; ha detto Zaia -. Siamo qui perch\u00e9 da una mia idea \u00e8 nata anche la volont\u00e0 di portare qui la cerimonia di apertura delle Paralimpiadi. Penso che Verona ci abbia aiutato anche a essere pi\u00f9 competitivi nella candidatura&#8221;. Il sogno, ora, \u00e8 realt\u00e0. (di Michele Antonelli)\u00a0<\/p>\n<p>&#8212;<\/p>\n<p>milano-cortina-2026\/eventi<\/p>\n<p>webinfo@adnkronos.com (Web Info)<\/p>\n<div style=\"display:flex; gap:10px;justify-content:center\" class=\"wps-pgfw-pdf-generate-icon__wrapper-frontend\">\n\t\t<a  href=\"https:\/\/ciaoup.it?action=genpdf&amp;id=25309\" class=\"pgfw-single-pdf-download-button\" ><img src=\"https:\/\/ciaoup.it\/wp-content\/plugins\/pdf-generator-for-wp\/admin\/src\/images\/PDF_Tray.svg\" title=\"Generate PDF\" style=\"width:auto; height:45px;\"><\/a>\n\t\t<\/div>","protected":false},"excerpt":{"rendered":"<p>(Adnkronos) &#8211; \u201c Beauty in Action \u201d. Tradotto, &#8220;bellezza in movimento&#8221;. Eccolo il titolo della&hellip;<\/p>\n","protected":false},"author":3,"featured_media":25310,"comment_status":"open","ping_status":"closed","sticky":false,"template":"","format":"standard","meta":{"footnotes":""},"categories":[12],"tags":[3],"class_list":["post-25309","post","type-post","status-publish","format-standard","has-post-thumbnail","hentry","category-comunicati","tag-ultimora"],"_links":{"self":[{"href":"https:\/\/ciaoup.it\/index.php?rest_route=\/wp\/v2\/posts\/25309","targetHints":{"allow":["GET"]}}],"collection":[{"href":"https:\/\/ciaoup.it\/index.php?rest_route=\/wp\/v2\/posts"}],"about":[{"href":"https:\/\/ciaoup.it\/index.php?rest_route=\/wp\/v2\/types\/post"}],"author":[{"embeddable":true,"href":"https:\/\/ciaoup.it\/index.php?rest_route=\/wp\/v2\/users\/3"}],"replies":[{"embeddable":true,"href":"https:\/\/ciaoup.it\/index.php?rest_route=%2Fwp%2Fv2%2Fcomments&post=25309"}],"version-history":[{"count":1,"href":"https:\/\/ciaoup.it\/index.php?rest_route=\/wp\/v2\/posts\/25309\/revisions"}],"predecessor-version":[{"id":25314,"href":"https:\/\/ciaoup.it\/index.php?rest_route=\/wp\/v2\/posts\/25309\/revisions\/25314"}],"wp:featuredmedia":[{"embeddable":true,"href":"https:\/\/ciaoup.it\/index.php?rest_route=\/wp\/v2\/media\/25310"}],"wp:attachment":[{"href":"https:\/\/ciaoup.it\/index.php?rest_route=%2Fwp%2Fv2%2Fmedia&parent=25309"}],"wp:term":[{"taxonomy":"category","embeddable":true,"href":"https:\/\/ciaoup.it\/index.php?rest_route=%2Fwp%2Fv2%2Fcategories&post=25309"},{"taxonomy":"post_tag","embeddable":true,"href":"https:\/\/ciaoup.it\/index.php?rest_route=%2Fwp%2Fv2%2Ftags&post=25309"}],"curies":[{"name":"wp","href":"https:\/\/api.w.org\/{rel}","templated":true}]}}