{"id":25298,"date":"2025-11-06T19:45:37","date_gmt":"2025-11-06T19:45:37","guid":{"rendered":"https:\/\/ciaoup.it\/?p=25298"},"modified":"2025-11-06T19:45:37","modified_gmt":"2025-11-06T19:45:37","slug":"cristiano-ronaldo-e-la-morte-di-jota-ho-pianto-non-sono-andato-a-funerale-per-due-motivi","status":"publish","type":"post","link":"https:\/\/ciaoup.it\/?p=25298","title":{"rendered":"Cristiano Ronaldo e la morte di Jota: &#8220;Ho pianto. Non sono andato a funerale per due motivi&#8221;"},"content":{"rendered":"<p> (Adnkronos) &#8211;<br \/>\nCristiano Ronaldo parla della morte di Diogo Jota. Il fuoriclasse portoghese, oggi in Arabia Saudita all&#8217;Al Nassr, durante la lunga intervista rilasciata a Piers Morgan, \u00e8 tornato per la prima volta sulla scomparsa dell&#8217;ex attaccante del Liverpool e suo compagno in Nazionale, vittima di un tragico incidente stradale lo scorso luglio: &#8220;Io non credevo ai messaggi che mi stavano arrivando. Ho pianto molto. \u00c8 stato un momento molto, molto difficile per tutti. Per il Paese, per le famiglie, per gli amici, per i compagni di squadra. Devastante. Una notizia molto, molto, molto triste&#8221;. \u00a0<\/p>\n<p>&#8220;\u00c8 stato scioccante. Sentiamo ancora la sua aura nella nazionale, quando indossiamo la maglia del Portogallo, perch\u00e9 Diogo era uno di noi&#8221;, ha raccontato commosso Ronaldo, &#8220;era un bravissimo ragazzo, un tipo tranquillo e un bravo giocatore, Uno che non parlava troppo. Sono felice di averlo incontrato, di aver condiviso con lui alcuni bei momenti. \u00c8 stato triste perderlo. Ho avuto l\u2019opportunit\u00e0 di parlare con la loro famiglia e di dare loro sostegno. Per loro tutto \u00e8 andato perso in un momento&#8221;.\u00a0<\/p>\n<p>Ronaldo ha ricevuto molte critiche per non aver presenziato al funerale di Diogo Jota, a differenza di molti compagni di Nazionale: &#8220;Voglio dire due cose. La prima \u00e8 che la gente mi critica molto, ma non mi interessa. Quando hai la coscienza a posto, libera, non devi preoccuparti di quello che dice la gente. Dopo la morte di mio padre non sono pi\u00f9 entrato in un cimitero&#8221;, ha svelato CR7, &#8220;il secondo motivo \u00e8 che sono consapevole che ovunque io vada diventa un circo mediatico. Non ci sono andato anche perch\u00e9 l&#8217;attenzione sarebbe stata rivolta a me. E io non volevo essere al centro dell&#8217;attenzione in un momento del genere&#8221;.\u00a0<\/p>\n<p>\u00a0<\/p>\n<p>&#8212;<\/p>\n<p>sport<\/p>\n<p>webinfo@adnkronos.com (Web Info)<\/p>\n<div style=\"display:flex; gap:10px;justify-content:center\" class=\"wps-pgfw-pdf-generate-icon__wrapper-frontend\">\n\t\t<a  href=\"https:\/\/ciaoup.it?action=genpdf&amp;id=25298\" class=\"pgfw-single-pdf-download-button\" ><img src=\"https:\/\/ciaoup.it\/wp-content\/plugins\/pdf-generator-for-wp\/admin\/src\/images\/PDF_Tray.svg\" title=\"Generate PDF\" style=\"width:auto; height:45px;\"><\/a>\n\t\t<\/div>","protected":false},"excerpt":{"rendered":"<p>(Adnkronos) &#8211; Cristiano Ronaldo parla della morte di Diogo Jota. Il fuoriclasse portoghese, oggi in&hellip;<\/p>\n","protected":false},"author":3,"featured_media":25299,"comment_status":"open","ping_status":"closed","sticky":false,"template":"","format":"standard","meta":{"footnotes":""},"categories":[12],"tags":[3],"class_list":["post-25298","post","type-post","status-publish","format-standard","has-post-thumbnail","hentry","category-comunicati","tag-ultimora"],"_links":{"self":[{"href":"https:\/\/ciaoup.it\/index.php?rest_route=\/wp\/v2\/posts\/25298","targetHints":{"allow":["GET"]}}],"collection":[{"href":"https:\/\/ciaoup.it\/index.php?rest_route=\/wp\/v2\/posts"}],"about":[{"href":"https:\/\/ciaoup.it\/index.php?rest_route=\/wp\/v2\/types\/post"}],"author":[{"embeddable":true,"href":"https:\/\/ciaoup.it\/index.php?rest_route=\/wp\/v2\/users\/3"}],"replies":[{"embeddable":true,"href":"https:\/\/ciaoup.it\/index.php?rest_route=%2Fwp%2Fv2%2Fcomments&post=25298"}],"version-history":[{"count":1,"href":"https:\/\/ciaoup.it\/index.php?rest_route=\/wp\/v2\/posts\/25298\/revisions"}],"predecessor-version":[{"id":25313,"href":"https:\/\/ciaoup.it\/index.php?rest_route=\/wp\/v2\/posts\/25298\/revisions\/25313"}],"wp:featuredmedia":[{"embeddable":true,"href":"https:\/\/ciaoup.it\/index.php?rest_route=\/wp\/v2\/media\/25299"}],"wp:attachment":[{"href":"https:\/\/ciaoup.it\/index.php?rest_route=%2Fwp%2Fv2%2Fmedia&parent=25298"}],"wp:term":[{"taxonomy":"category","embeddable":true,"href":"https:\/\/ciaoup.it\/index.php?rest_route=%2Fwp%2Fv2%2Fcategories&post=25298"},{"taxonomy":"post_tag","embeddable":true,"href":"https:\/\/ciaoup.it\/index.php?rest_route=%2Fwp%2Fv2%2Ftags&post=25298"}],"curies":[{"name":"wp","href":"https:\/\/api.w.org\/{rel}","templated":true}]}}